{"id":2047,"date":"2015-07-30T16:56:26","date_gmt":"2015-07-30T15:56:26","guid":{"rendered":"https:\/\/www.vinotrip.com\/fr\/blog\/?p=2047"},"modified":"2025-12-16T11:25:33","modified_gmt":"2025-12-16T10:25:33","slug":"calendrier-vendanges","status":"publish","type":"post","link":"https:\/\/www.vinotrip.com\/fr\/blog\/calendrier-vendanges\/","title":{"rendered":"Le Calendrier des vendanges"},"content":{"rendered":"<p>La <strong>date des vendanges dans chaque vignoble<\/strong> est officialis\u00e9e gr\u00e2ce au <em>ban des vendanges*<\/em>, qui est\u00a0 un arr\u00eat\u00e9 pr\u00e9fectoral d\u00e9terminant le d\u00e9but de celles-ci. Cette p\u00e9riode repr\u00e9sente l&rsquo;aboutissement de toute une ann\u00e9e de soin et d&rsquo;attention prodigu\u00e9 \u00e0 la vigne.<\/p>\n<p><!--more--><\/p>\n<p>Bien qu&rsquo;on ne puisse jamais d\u00e9terminer les dates des vendanges trop \u00e0 l&rsquo;avance, <strong>celles-ci se d\u00e9roulent en g\u00e9n\u00e9ral d&rsquo;ao\u00fbt \u00e0 octobre<\/strong> en fonction des r\u00e9gions et se d\u00e9cident entre les diff\u00e9rentes organisations des producteurs.<\/p>\n<hr \/>\n<p>En savoir plus sur les vendanges :<\/p>\n\n\t\t<style type=\"text\/css\">\n\t\t\t#gallery-2 {\n\t\t\t\tmargin: auto;\n\t\t\t}\n\t\t\t#gallery-2 .gallery-item {\n\t\t\t\tfloat: left;\n\t\t\t\tmargin-top: 10px;\n\t\t\t\ttext-align: center;\n\t\t\t\twidth: 50%;\n\t\t\t}\n\t\t\t#gallery-2 img {\n\t\t\t\tborder: 2px solid #cfcfcf;\n\t\t\t}\n\t\t\t#gallery-2 .gallery-caption {\n\t\t\t\tmargin-left: 0;\n\t\t\t}\n\t\t\t\/* see gallery_shortcode() in wp-includes\/media.php *\/\n\t\t<\/style>\n\t\t<div id='gallery-2' class='gallery galleryid-2047 gallery-columns-2 gallery-size-thumbnail'><dl class='gallery-item'>\n\t\t\t<dt class='gallery-icon landscape'>\n\t\t\t\t<a href=\"https:\/\/www.vinotrip.com\/fr\/vignoble\/champagne\" class=\"no-lightbox\"><img loading=\"lazy\" decoding=\"async\" width=\"263\" height=\"125\" src=\"https:\/\/www.vinotrip.com\/fr\/blog\/wp-content\/uploads\/2015\/08\/Vendanges-Champagne-263x125.jpg\" class=\"attachment-thumbnail size-thumbnail\" alt=\"Vendanges en Champagne\" aria-describedby=\"gallery-2-2079\" \/><\/a>\n\t\t\t<\/dt>\n\t\t\t\t<dd class='wp-caption-text gallery-caption' id='gallery-2-2079'>\n\t\t\t\tVendanges en Champagne\n\t\t\t\t<\/dd><\/dl><dl class='gallery-item'>\n\t\t\t<dt class='gallery-icon landscape'>\n\t\t\t\t<a href=\"https:\/\/www.vinotrip.com\/fr\/blog\/les-vendanges-touristiques-en-alsace\/\" class=\"no-lightbox\"><img loading=\"lazy\" decoding=\"async\" width=\"263\" height=\"125\" src=\"https:\/\/www.vinotrip.com\/fr\/blog\/wp-content\/uploads\/2015\/08\/Photo-s\u00e9jour-300x2451-263x125.jpg\" class=\"attachment-thumbnail size-thumbnail\" alt=\"Vendanges touristiques en Alsace\" aria-describedby=\"gallery-2-2403\" \/><\/a>\n\t\t\t<\/dt>\n\t\t\t\t<dd class='wp-caption-text gallery-caption' id='gallery-2-2403'>\n\t\t\t\tVendanges touristiques en Alsace\n\t\t\t\t<\/dd><\/dl><br style=\"clear: both\" \/>\n\t\t<\/div>\n\n<hr \/>\n<p>Il faut alors que les raisins soient arriv\u00e9s \u00e0 maturit\u00e9. On <strong>estime g\u00e9n\u00e9ralement qu&rsquo;il faut compter 100 jours entre l&rsquo;apparition de la premi\u00e8re fleur de vigne et la maturit\u00e9 du fruit<\/strong>. Cependant de nombreux param\u00e8tres comme l&rsquo;exposition, l&rsquo;altitude, le style de vin voulu ou le type de c\u00e9page influent sur relative maturit\u00e9 du grain de raisin.<\/p>\n<p>Nous pouvons \u00e9tablir un <strong>calendrier des dates approximatives des vendanges par r\u00e9gion<\/strong> :<\/p>\n<ul>\n<li><strong>Fin Ao\u00fbt<\/strong> : <a href=\"https:\/\/www.vinotrip.com\/fr\/vignoble\/provence\">Provence<\/a>, <span style=\"text-decoration: underline;\"><span style=\"color: #993366;\"><a style=\"color: #993366; text-decoration: underline;\" href=\"https:\/\/www.vinotrip.com\/fr\/sejours-oenologiques-languedoc-roussillon\" target=\"_blank\" rel=\"noopener\">Languedoc-Roussillon<\/a><\/span><\/span>, Corse ;<\/li>\n<li><strong>D\u00e9but Septembre<\/strong> : <a href=\"https:\/\/www.vinotrip.com\/fr\/vignoble\/vallee-du-rhone\">Vall\u00e9e du Rh\u00f4ne<\/a>, <a href=\"https:\/\/www.vinotrip.com\/fr\/sejours-oenologiques-beaujolais\"><span style=\"text-decoration: underline; color: #993366;\">Beaujolais<\/span><\/a> ;<\/li>\n<li><strong>Mi- Septembre<\/strong> : <a href=\"https:\/\/www.vinotrip.com\/fr\/vignoble\/val-de-loire\">Val de Loire<\/a>, <span style=\"text-decoration: underline;\"><span style=\"color: #993366;\"><a style=\"color: #993366; text-decoration: underline;\" href=\"https:\/\/www.vinotrip.com\/fr\/sejours-oenologiques-bourgogne\">Bourgogne<\/a><\/span><\/span>, <a href=\"https:\/\/www.vinotrip.com\/fr\/vignoble\/bordeaux\">Bordeaux<\/a>, <a href=\"https:\/\/www.vinotrip.com\/fr\/vignoble\/vallee-du-rhone\">Vall\u00e9e du Rh\u00f4ne<\/a>, <a href=\"https:\/\/www.vinotrip.com\/fr\/route-des-vins-jura\">Jura,<\/a>\u00a0<a href=\"https:\/\/www.vinotrip.com\/fr\/route-des-vins-savoie\">Savoie<\/a>, <a href=\"https:\/\/www.vinotrip.com\/fr\/vignoble\/sud-ouest\">Sud-Ouest<\/a> ;<\/li>\n<li><strong>Fin Septembre<\/strong> : <a href=\"https:\/\/www.vinotrip.com\/fr\/vignoble\/champagne\">Champagne<\/a>, <a href=\"https:\/\/www.vinotrip.com\/fr\/vignoble\/alsace\">Alsace<\/a> ;<\/li>\n<li><strong>D\u00e9but Octobre<\/strong> : Cognac &amp; Charentes.<\/li>\n<\/ul>\n<p>Si vous souhaitez admirer les jolis paysages de vendanges, il ne vous reste plus qu&rsquo;\u00e0 vous rendre \u00e0 la bonne p\u00e9riode dans ces diff\u00e9rents vignobles ! Retrouvez notre <span style=\"text-decoration: underline;\"><span style=\"color: #993366;\"><a style=\"color: #993366; text-decoration: underline;\" href=\"https:\/\/www.vinotrip.com\/fr\/sejours-oenologiques\/368-week-end-vendanges-alsace.html\">week-end vendange en Alsace<\/a><\/span><\/span> pour d\u00e9couvrir l&rsquo;agitation du vignoble&#8230;<\/p>\n<p><em>* D\u00e9finition du <span style=\"text-decoration: underline;\"><span style=\"color: #993366;\"><a style=\"color: #993366; text-decoration: underline;\" href=\"https:\/\/fr.wikipedia.org\/wiki\/Ban_des_vendanges\" target=\"_blank\" rel=\"noopener\">ban des vendanges<\/a><\/span><\/span><\/em><\/p>\n<!-- AddThis Advanced Settings generic via filter on the_content --><!-- AddThis Share Buttons generic via filter on the_content -->","protected":false},"excerpt":{"rendered":"<p>La date des vendanges dans chaque vignoble est officialis\u00e9e gr\u00e2ce au ban des vendanges*, qui est\u00a0 un arr\u00eat\u00e9 pr\u00e9fectoral d\u00e9terminant le d\u00e9but de celles-ci. Cette p\u00e9riode repr\u00e9sente l&rsquo;aboutissement de toute une ann\u00e9e de soin et d&rsquo;attention prodigu\u00e9 \u00e0 la vigne.<!-- AddThis Advanced Settings generic via filter on get_the_excerpt --><!-- AddThis Share Buttons generic via filter on get_the_excerpt --><\/p>\n","protected":false},"author":1,"featured_media":6754,"comment_status":"open","ping_status":"open","sticky":false,"template":"","format":"standard","meta":{"footnotes":""},"categories":[1,5,9,8],"tags":[15,22,13,11,16,33,28,14,20,25,12,18],"class_list":["post-2047","post","type-post","status-publish","format-standard","has-post-thumbnail","hentry","category-actualites","category-agenda-du-vin","category-oenologie","category-oenotourisme","tag-alsace","tag-beaujolais","tag-bordeaux","tag-bourgogne","tag-champagne","tag-charentes","tag-jura","tag-languedoc-roussillon","tag-provence","tag-sud-ouest","tag-val-de-loire","tag-vallee-du-rhone"],"aioseo_head":"\t<title>Le Calendrier des vendanges &#8211; Actualit\u00e9 vin par Vinotrip<\/title>\n\n\t\t<!-- All in One SEO 4.9.6.2 - aioseo.com -->\n\t<meta name=\"description\" content=\"La date des vendanges dans chaque vignoble est officialis\u00e9e gr\u00e2ce au ban des vendanges*, qui est un arr\u00eat\u00e9 pr\u00e9fectoral d\u00e9terminant le d\u00e9but de celles-ci. Cette p\u00e9riode repr\u00e9sente l&#039;aboutissement de toute une ann\u00e9e de soin et d&#039;attention prodigu\u00e9 \u00e0 la vigne. Bien qu&#039;on ne puisse jamais d\u00e9terminer les dates des vendanges trop \u00e0 l&#039;avance, celles-ci se\" \/>\n\t<meta name=\"robots\" content=\"max-image-preview:large\" \/>\n\t<meta name=\"author\" content=\"Julien\"\/>\n\t<link rel=\"canonical\" href=\"https:\/\/www.vinotrip.com\/fr\/blog\/calendrier-vendanges\/\" \/>\n\t<meta name=\"generator\" content=\"All in One SEO (AIOSEO) 4.9.6.2\" \/>\n\t\t<meta property=\"og:locale\" content=\"fr_FR\" \/>\n\t\t<meta property=\"og:site_name\" content=\"Actualit\u00e9 vin par Vinotrip - Actualit\u00e9s du vin et des s\u00e9jours oenologiques\" \/>\n\t\t<meta property=\"og:type\" content=\"article\" \/>\n\t\t<meta property=\"og:title\" content=\"Le Calendrier des vendanges - Actualit\u00e9 vin par Vinotrip\" \/>\n\t\t<meta property=\"og:description\" content=\"La date des vendanges dans chaque vignoble est officialis\u00e9e gr\u00e2ce au ban des vendanges*, qui est un arr\u00eat\u00e9 pr\u00e9fectoral d\u00e9terminant le d\u00e9but de celles-ci. Cette p\u00e9riode repr\u00e9sente l&#039;aboutissement de toute une ann\u00e9e de soin et d&#039;attention prodigu\u00e9 \u00e0 la vigne. Bien qu&#039;on ne puisse jamais d\u00e9terminer les dates des vendanges trop \u00e0 l&#039;avance, celles-ci se\" \/>\n\t\t<meta property=\"og:url\" content=\"https:\/\/www.vinotrip.com\/fr\/blog\/calendrier-vendanges\/\" \/>\n\t\t<meta property=\"article:published_time\" content=\"2015-07-30T15:56:26+00:00\" \/>\n\t\t<meta property=\"article:modified_time\" content=\"2025-12-16T10:25:33+00:00\" \/>\n\t\t<meta name=\"twitter:card\" content=\"summary_large_image\" \/>\n\t\t<meta name=\"twitter:title\" content=\"Le Calendrier des vendanges - Actualit\u00e9 vin par Vinotrip\" \/>\n\t\t<meta name=\"twitter:description\" content=\"La date des vendanges dans chaque vignoble est officialis\u00e9e gr\u00e2ce au ban des vendanges*, qui est un arr\u00eat\u00e9 pr\u00e9fectoral d\u00e9terminant le d\u00e9but de celles-ci. Cette p\u00e9riode repr\u00e9sente l&#039;aboutissement de toute une ann\u00e9e de soin et d&#039;attention prodigu\u00e9 \u00e0 la vigne. Bien qu&#039;on ne puisse jamais d\u00e9terminer les dates des vendanges trop \u00e0 l&#039;avance, celles-ci se\" \/>\n\t\t<script type=\"application\/ld+json\" class=\"aioseo-schema\">\n\t\t\t{\"@context\":\"https:\\\/\\\/schema.org\",\"@graph\":[{\"@type\":\"BlogPosting\",\"@id\":\"https:\\\/\\\/www.vinotrip.com\\\/fr\\\/blog\\\/calendrier-vendanges\\\/#blogposting\",\"name\":\"Le Calendrier des vendanges - Actualit\\u00e9 vin par Vinotrip\",\"headline\":\"Le Calendrier des vendanges\",\"author\":{\"@id\":\"https:\\\/\\\/www.vinotrip.com\\\/fr\\\/blog\\\/author\\\/adminvinotrip\\\/#author\"},\"publisher\":{\"@id\":\"https:\\\/\\\/www.vinotrip.com\\\/fr\\\/blog\\\/#organization\"},\"image\":{\"@type\":\"ImageObject\",\"url\":\"https:\\\/\\\/www.vinotrip.com\\\/fr\\\/blog\\\/wp-content\\\/uploads\\\/2015\\\/07\\\/calendrier-vendanges.jpg\",\"width\":600,\"height\":400,\"caption\":\"Vendange - Vignes\"},\"datePublished\":\"2015-07-30T16:56:26+01:00\",\"dateModified\":\"2025-12-16T11:25:33+01:00\",\"inLanguage\":\"fr-FR\",\"mainEntityOfPage\":{\"@id\":\"https:\\\/\\\/www.vinotrip.com\\\/fr\\\/blog\\\/calendrier-vendanges\\\/#webpage\"},\"isPartOf\":{\"@id\":\"https:\\\/\\\/www.vinotrip.com\\\/fr\\\/blog\\\/calendrier-vendanges\\\/#webpage\"},\"articleSection\":\"Actualit\\u00e9s, Agenda du vin, Oenologie, Oenotourisme, Alsace, Beaujolais, Bordeaux, Bourgogne, Champagne, Charentes, Jura, Languedoc-Roussillon, Provence, Sud-Ouest, Val de Loire, Vall\\u00e9e du Rh\\u00f4ne\"},{\"@type\":\"BreadcrumbList\",\"@id\":\"https:\\\/\\\/www.vinotrip.com\\\/fr\\\/blog\\\/calendrier-vendanges\\\/#breadcrumblist\",\"itemListElement\":[{\"@type\":\"ListItem\",\"@id\":\"https:\\\/\\\/www.vinotrip.com\\\/fr\\\/blog#listItem\",\"position\":1,\"name\":\"Home\",\"item\":\"https:\\\/\\\/www.vinotrip.com\\\/fr\\\/blog\",\"nextItem\":{\"@type\":\"ListItem\",\"@id\":\"https:\\\/\\\/www.vinotrip.com\\\/fr\\\/blog\\\/category\\\/actualites\\\/#listItem\",\"name\":\"Actualit\\u00e9s\"}},{\"@type\":\"ListItem\",\"@id\":\"https:\\\/\\\/www.vinotrip.com\\\/fr\\\/blog\\\/category\\\/actualites\\\/#listItem\",\"position\":2,\"name\":\"Actualit\\u00e9s\",\"item\":\"https:\\\/\\\/www.vinotrip.com\\\/fr\\\/blog\\\/category\\\/actualites\\\/\",\"nextItem\":{\"@type\":\"ListItem\",\"@id\":\"https:\\\/\\\/www.vinotrip.com\\\/fr\\\/blog\\\/calendrier-vendanges\\\/#listItem\",\"name\":\"Le Calendrier des vendanges\"},\"previousItem\":{\"@type\":\"ListItem\",\"@id\":\"https:\\\/\\\/www.vinotrip.com\\\/fr\\\/blog#listItem\",\"name\":\"Home\"}},{\"@type\":\"ListItem\",\"@id\":\"https:\\\/\\\/www.vinotrip.com\\\/fr\\\/blog\\\/calendrier-vendanges\\\/#listItem\",\"position\":3,\"name\":\"Le Calendrier des vendanges\",\"previousItem\":{\"@type\":\"ListItem\",\"@id\":\"https:\\\/\\\/www.vinotrip.com\\\/fr\\\/blog\\\/category\\\/actualites\\\/#listItem\",\"name\":\"Actualit\\u00e9s\"}}]},{\"@type\":\"Organization\",\"@id\":\"https:\\\/\\\/www.vinotrip.com\\\/fr\\\/blog\\\/#organization\",\"name\":\"Actualit\\u00e9 vin par Vinotrip\",\"description\":\"Actualit\\u00e9s du vin et des s\\u00e9jours oenologiques\",\"url\":\"https:\\\/\\\/www.vinotrip.com\\\/fr\\\/blog\\\/\"},{\"@type\":\"Person\",\"@id\":\"https:\\\/\\\/www.vinotrip.com\\\/fr\\\/blog\\\/author\\\/adminvinotrip\\\/#author\",\"url\":\"https:\\\/\\\/www.vinotrip.com\\\/fr\\\/blog\\\/author\\\/adminvinotrip\\\/\",\"name\":\"Julien\",\"image\":{\"@type\":\"ImageObject\",\"@id\":\"https:\\\/\\\/www.vinotrip.com\\\/fr\\\/blog\\\/calendrier-vendanges\\\/#authorImage\",\"url\":\"https:\\\/\\\/secure.gravatar.com\\\/avatar\\\/274eb1ce66001f0b582252f68fca287002337c311daa94ba46419d3d66372a2d?s=96&d=mm&r=g\",\"width\":96,\"height\":96,\"caption\":\"Julien\"}},{\"@type\":\"WebPage\",\"@id\":\"https:\\\/\\\/www.vinotrip.com\\\/fr\\\/blog\\\/calendrier-vendanges\\\/#webpage\",\"url\":\"https:\\\/\\\/www.vinotrip.com\\\/fr\\\/blog\\\/calendrier-vendanges\\\/\",\"name\":\"Le Calendrier des vendanges - Actualit\\u00e9 vin par Vinotrip\",\"description\":\"La date des vendanges dans chaque vignoble est officialis\\u00e9e gr\\u00e2ce au ban des vendanges*, qui est un arr\\u00eat\\u00e9 pr\\u00e9fectoral d\\u00e9terminant le d\\u00e9but de celles-ci. Cette p\\u00e9riode repr\\u00e9sente l'aboutissement de toute une ann\\u00e9e de soin et d'attention prodigu\\u00e9 \\u00e0 la vigne. Bien qu'on ne puisse jamais d\\u00e9terminer les dates des vendanges trop \\u00e0 l'avance, celles-ci se\",\"inLanguage\":\"fr-FR\",\"isPartOf\":{\"@id\":\"https:\\\/\\\/www.vinotrip.com\\\/fr\\\/blog\\\/#website\"},\"breadcrumb\":{\"@id\":\"https:\\\/\\\/www.vinotrip.com\\\/fr\\\/blog\\\/calendrier-vendanges\\\/#breadcrumblist\"},\"author\":{\"@id\":\"https:\\\/\\\/www.vinotrip.com\\\/fr\\\/blog\\\/author\\\/adminvinotrip\\\/#author\"},\"creator\":{\"@id\":\"https:\\\/\\\/www.vinotrip.com\\\/fr\\\/blog\\\/author\\\/adminvinotrip\\\/#author\"},\"image\":{\"@type\":\"ImageObject\",\"url\":\"https:\\\/\\\/www.vinotrip.com\\\/fr\\\/blog\\\/wp-content\\\/uploads\\\/2015\\\/07\\\/calendrier-vendanges.jpg\",\"@id\":\"https:\\\/\\\/www.vinotrip.com\\\/fr\\\/blog\\\/calendrier-vendanges\\\/#mainImage\",\"width\":600,\"height\":400,\"caption\":\"Vendange - Vignes\"},\"primaryImageOfPage\":{\"@id\":\"https:\\\/\\\/www.vinotrip.com\\\/fr\\\/blog\\\/calendrier-vendanges\\\/#mainImage\"},\"datePublished\":\"2015-07-30T16:56:26+01:00\",\"dateModified\":\"2025-12-16T11:25:33+01:00\"},{\"@type\":\"WebSite\",\"@id\":\"https:\\\/\\\/www.vinotrip.com\\\/fr\\\/blog\\\/#website\",\"url\":\"https:\\\/\\\/www.vinotrip.com\\\/fr\\\/blog\\\/\",\"name\":\"Actualit\\u00e9 vin par Vinotrip\",\"description\":\"Actualit\\u00e9s du vin et des s\\u00e9jours oenologiques\",\"inLanguage\":\"fr-FR\",\"publisher\":{\"@id\":\"https:\\\/\\\/www.vinotrip.com\\\/fr\\\/blog\\\/#organization\"}}]}\n\t\t<\/script>\n\t\t<!-- All in One SEO -->\n\n","aioseo_notices":[],"_links":{"self":[{"href":"https:\/\/www.vinotrip.com\/fr\/blog\/wp-json\/wp\/v2\/posts\/2047","targetHints":{"allow":["GET"]}}],"collection":[{"href":"https:\/\/www.vinotrip.com\/fr\/blog\/wp-json\/wp\/v2\/posts"}],"about":[{"href":"https:\/\/www.vinotrip.com\/fr\/blog\/wp-json\/wp\/v2\/types\/post"}],"author":[{"embeddable":true,"href":"https:\/\/www.vinotrip.com\/fr\/blog\/wp-json\/wp\/v2\/users\/1"}],"replies":[{"embeddable":true,"href":"https:\/\/www.vinotrip.com\/fr\/blog\/wp-json\/wp\/v2\/comments?post=2047"}],"version-history":[{"count":33,"href":"https:\/\/www.vinotrip.com\/fr\/blog\/wp-json\/wp\/v2\/posts\/2047\/revisions"}],"predecessor-version":[{"id":6292,"href":"https:\/\/www.vinotrip.com\/fr\/blog\/wp-json\/wp\/v2\/posts\/2047\/revisions\/6292"}],"wp:featuredmedia":[{"embeddable":true,"href":"https:\/\/www.vinotrip.com\/fr\/blog\/wp-json\/wp\/v2\/media\/6754"}],"wp:attachment":[{"href":"https:\/\/www.vinotrip.com\/fr\/blog\/wp-json\/wp\/v2\/media?parent=2047"}],"wp:term":[{"taxonomy":"category","embeddable":true,"href":"https:\/\/www.vinotrip.com\/fr\/blog\/wp-json\/wp\/v2\/categories?post=2047"},{"taxonomy":"post_tag","embeddable":true,"href":"https:\/\/www.vinotrip.com\/fr\/blog\/wp-json\/wp\/v2\/tags?post=2047"}],"curies":[{"name":"wp","href":"https:\/\/api.w.org\/{rel}","templated":true}]}}