{"id":6,"date":"2013-11-27T20:56:18","date_gmt":"2013-11-27T19:56:18","guid":{"rendered":"http:\/\/vinotrip_blog.local\/?p=6"},"modified":"2024-04-04T22:15:26","modified_gmt":"2024-04-04T21:15:26","slug":"salon-des-vins-des-vignerons-independants","status":"publish","type":"post","link":"https:\/\/www.vinotrip.com\/fr\/blog\/salon-des-vins-des-vignerons-independants\/","title":{"rendered":"Salon des vins des vignerons ind\u00e9pendants"},"content":{"rendered":"<p><!--:fr--><\/p>\n<h2>Salon des vins des vignerons ind\u00e9pendants dans toute la France<\/h2>\n<p>Le Salon des Vignerons Ind\u00e9pendants \u00e0 Paris est un \u00e9v\u00e9nement annuel majeur pour les amateurs de vin et les professionnels du secteur. Il a en g\u00e9n\u00e9ral lieu Porte de Versailles, sur la derni\u00e8re semaine de novembre.<br \/>\nLe Salon se tient \u00e9galement dans plusieurs villes \u00e0 travers la France. Cet \u00e9v\u00e9nement itin\u00e9rant permet aux producteurs ind\u00e9pendants de pr\u00e9senter leurs vins \u00e0 un public plus large \u00e0 travers toute la France : Bordeaux, Lyon, Lille, Marseille, Toulouse, Nantes, \u2026<\/p>\n<p>Ce salon poss\u00e8de sa sp\u00e9cificit\u00e9&#8230; le terme \u00ab\u00a0ind\u00e9pendant\u00a0\u00bb donne le ton. C&rsquo;est une rencontre avec celui qui signe de son nom chaque \u00e9tiquette dans le respect de la charte sign\u00e9e. Une id\u00e9e pr\u00e9side : <strong>\u00ab le savoir-\u00eatre du vin \u00bb<\/strong>. Des hommes diff\u00e9rents, \u00a0\u00e0 travers l\u2019expression d\u2019un savoir- faire authentique, vous offriront donc des vins vari\u00e9s.<br \/>\n\u00ab\u00a0L\u2019ind\u00e9pendant\u00a0\u00bb, perp\u00e9tuant souvent une tradition familiale dans des parcelles modestes, travaille sa vigne, r\u00e9colte, vinifie, met en bouteille et commercialise son produit. Il est donc pr\u00e9sent dans toutes les \u00e9tapes li\u00e9es \u00e0 la vie de son vin et sera le mieux plac\u00e9 pour\u00a0 <strong>vous guider dans votre d\u00e9gustation, vous parler de son m\u00e9tier, vous conseiller<\/strong> et bien s\u00fbr vous encourager \u00e0 remplir votre cave de son breuvage\u2026<\/p>\n<h2>La charte du vigneron ind\u00e9pendant<\/h2>\n<p>Les <strong>Vignerons Ind\u00e9pendants de France<\/strong> se font donc conna\u00eetre essentiellement par l\u2019<strong>organisation de salons et de concours de vins<\/strong>. Ils tiennent \u00e9galement un annuaire touristique des vignobles de vignerons ind\u00e9pendants ouverts \u00e0 la visite.<\/p>\n<p>Mais qui sont ces vignerons ind\u00e9pendants pr\u00e9sents sur le salon ? Comment savoir si un vin est produit selon la <a href=\"https:\/\/www.vigneron-independant.com\/marque-collective-vigneron-ind%C3%A9pendant\"><span style=\"color: #993366; text-decoration: underline;\">charte du vigneron ind\u00e9pendant<\/span><\/a>\u00a0?<br \/>\nTout simplement gr\u00e2ce au logo appos\u00e9 sur les bouteilles des producteurs concern\u00e9s. Cette charte stipule que le vigneron\u00a0:<\/p>\n<ul>\n<li>respecte son terroir ;<\/li>\n<li>travaille sa vigne ;<\/li>\n<li>r\u00e9colte son raisin ;<\/li>\n<li>vinifie lui-m\u00eame et \u00e9l\u00e8ve son vin ;<\/li>\n<li>met en bouteille sa production dans sa cave ;<\/li>\n<li>commercialise ses produits ;<\/li>\n<li>se perfectionne dans le respect de la tradition et du savoir-faire local ;<\/li>\n<li>accueille et conseille la d\u00e9gustation\u2026 et surtout, prend plaisir \u00e0 pr\u00e9senter le fruit de son travail\u00a0!<\/li>\n<\/ul>\n<h2>Rencontre avec des vignerons sur le salon \u00e0 Paris<\/h2>\n<p>D\u00e9ambuler le long des all\u00e9es du salon o\u00f9 se c\u00f4toie toute la France viticole devra mettre en bouche l\u2019amateur de vins que nous sommes et sera l\u2019occasion d\u2019aller \u00e0 la rencontre des <a href=\"https:\/\/www.vinotrip.com\/fr\/domaines-viticoles-oenotourisme\"><span style=\"color: #993366; text-decoration: underline;\">vignerons<\/span><\/a>. Retrouvez les rencontres avec les <strong>domaines partenaires de Vinotrip<\/strong>, \u00e0 l&rsquo;occasion du Salon des vins des vignerons ind\u00e9pendants qui s&rsquo;est tenu \u00e0 Paris en 2018.<\/p>\n<h3>Vignerons ind\u00e9pendants en Alsace<\/h3>\n\n\t\t<style type=\"text\/css\">\n\t\t\t#gallery-2 {\n\t\t\t\tmargin: auto;\n\t\t\t}\n\t\t\t#gallery-2 .gallery-item {\n\t\t\t\tfloat: left;\n\t\t\t\tmargin-top: 10px;\n\t\t\t\ttext-align: center;\n\t\t\t\twidth: 33%;\n\t\t\t}\n\t\t\t#gallery-2 img {\n\t\t\t\tborder: 2px solid #cfcfcf;\n\t\t\t}\n\t\t\t#gallery-2 .gallery-caption {\n\t\t\t\tmargin-left: 0;\n\t\t\t}\n\t\t\t\/* see gallery_shortcode() in wp-includes\/media.php *\/\n\t\t<\/style>\n\t\t<div id='gallery-2' class='gallery galleryid-6 gallery-columns-3 gallery-size-thumbnail'><dl class='gallery-item'>\n\t\t\t<dt class='gallery-icon landscape'>\n\t\t\t\t<a href=\"https:\/\/www.vinotrip.com\/fr\/partenaires\/58-domaine-francois-schwach\" class=\"no-lightbox\"><img loading=\"lazy\" decoding=\"async\" width=\"150\" height=\"125\" src=\"https:\/\/www.vinotrip.com\/fr\/blog\/wp-content\/uploads\/2014\/11\/DSCN1897-150x1501-150x125.jpg\" class=\"attachment-thumbnail size-thumbnail\" alt=\"Domaine Fran\u00e7ois Schwach &amp; Fils\" aria-describedby=\"gallery-2-727\" \/><\/a>\n\t\t\t<\/dt>\n\t\t\t\t<dd class='wp-caption-text gallery-caption' id='gallery-2-727'>\n\t\t\t\tDomaine Fran\u00e7ois Schwach, sp\u00e9cialiste du Cr\u00e9mant d&rsquo;Alsace\n\t\t\t\t<\/dd><\/dl><dl class='gallery-item'>\n\t\t\t<dt class='gallery-icon landscape'>\n\t\t\t\t<a href=\"https:\/\/www.vinotrip.com\/fr\/partenaires\/65-domaine-stentz-buecher\" class=\"no-lightbox\"><img loading=\"lazy\" decoding=\"async\" width=\"263\" height=\"125\" src=\"https:\/\/www.vinotrip.com\/fr\/blog\/wp-content\/uploads\/2014\/11\/DSCN1900-263x125.jpg\" class=\"attachment-thumbnail size-thumbnail\" alt=\"Domaine Stentz-Buecher\" aria-describedby=\"gallery-2-721\" \/><\/a>\n\t\t\t<\/dt>\n\t\t\t\t<dd class='wp-caption-text gallery-caption' id='gallery-2-721'>\n\t\t\t\tDomaine Stentz-Buecher, vins blancs et rouges d&rsquo;Alsace\n\t\t\t\t<\/dd><\/dl><dl class='gallery-item'>\n\t\t\t<dt class='gallery-icon landscape'>\n\t\t\t\t<a href=\"https:\/\/www.vinotrip.com\/fr\/partenaires\/62-domaine-marcel-humbrecht\" class=\"no-lightbox\"><img loading=\"lazy\" decoding=\"async\" width=\"263\" height=\"125\" src=\"https:\/\/www.vinotrip.com\/fr\/blog\/wp-content\/uploads\/2014\/11\/DSCN1910-263x125.jpg\" class=\"attachment-thumbnail size-thumbnail\" alt=\"Domaine Marcel Humbrecht\" aria-describedby=\"gallery-2-722\" \/><\/a>\n\t\t\t<\/dt>\n\t\t\t\t<dd class='wp-caption-text gallery-caption' id='gallery-2-722'>\n\t\t\t\tDomaine Marcel Humbrecht &#8211; Son fils Jean-Paul, ing\u00e9nieur agronome et propri\u00e9taire du domaine\n\t\t\t\t<\/dd><\/dl><br style=\"clear: both\" \/>\n\t\t<\/div>\n\n<p>Rencontrez le <strong>Domaine Fran\u00e7ois Schwach<\/strong> : toute l\u2019\u00e9quipe de Nathalie est pr\u00e9sente pour vous parler de leurs Cr\u00e9mants, grande sp\u00e9cialit\u00e9 du domaine\u2026 et avec le sourire\u00a0! Pour le <strong>Domaine Stentz-Buecher<\/strong>,\u00a0St\u00e9phane vous accueille sur son stand all\u00e9e E pour vous faire d\u00e9couvrir les vins blancs de la propri\u00e9t\u00e9 mais \u00e9galement ses vins rouges aux ar\u00f4mes de fruits rouges. Une vraie merveille. Situ\u00e9 juste \u00e0 l\u2019entr\u00e9e du salon, vous ne pouvez pas le rater, <strong>Jean-Paul Humbrecht<\/strong>, ing\u00e9nieur en agriculture et descendant d\u2019une lign\u00e9e de 12 g\u00e9n\u00e9rations de vignerons, vous fera partager sa passion pour le vin.<\/p>\n<h3>Vignerons ind\u00e9pendants en Bourgogne et Champagne<\/h3>\n\n\t\t<style type=\"text\/css\">\n\t\t\t#gallery-4 {\n\t\t\t\tmargin: auto;\n\t\t\t}\n\t\t\t#gallery-4 .gallery-item {\n\t\t\t\tfloat: left;\n\t\t\t\tmargin-top: 10px;\n\t\t\t\ttext-align: center;\n\t\t\t\twidth: 50%;\n\t\t\t}\n\t\t\t#gallery-4 img {\n\t\t\t\tborder: 2px solid #cfcfcf;\n\t\t\t}\n\t\t\t#gallery-4 .gallery-caption {\n\t\t\t\tmargin-left: 0;\n\t\t\t}\n\t\t\t\/* see gallery_shortcode() in wp-includes\/media.php *\/\n\t\t<\/style>\n\t\t<div id='gallery-4' class='gallery galleryid-6 gallery-columns-2 gallery-size-thumbnail'><dl class='gallery-item'>\n\t\t\t<dt class='gallery-icon landscape'>\n\t\t\t\t<a href=\"https:\/\/www.vinotrip.com\/fr\/partenaires\/119-domaine-philippe-martin\" class=\"no-lightbox\"><img loading=\"lazy\" decoding=\"async\" width=\"263\" height=\"125\" src=\"https:\/\/www.vinotrip.com\/fr\/blog\/wp-content\/uploads\/2014\/11\/DSCN1894-263x125.jpg\" class=\"attachment-thumbnail size-thumbnail\" alt=\"Domaine Philippe Martin\" aria-describedby=\"gallery-4-725\" \/><\/a>\n\t\t\t<\/dt>\n\t\t\t\t<dd class='wp-caption-text gallery-caption' id='gallery-4-725'>\n\t\t\t\tDomaine Philippe Martin &#8211; Adeline, sa fille qui vous fera d\u00e9guster leurs cuv\u00e9es\n\t\t\t\t<\/dd><\/dl><dl class='gallery-item'>\n\t\t\t<dt class='gallery-icon landscape'>\n\t\t\t\t<a href=\"https:\/\/www.vinotrip.com\/fr\/partenaires\/10-domaine-francois-buffet\" class=\"no-lightbox\"><img loading=\"lazy\" decoding=\"async\" width=\"263\" height=\"125\" src=\"https:\/\/www.vinotrip.com\/fr\/blog\/wp-content\/uploads\/2014\/11\/DSCN1893-263x125.jpg\" class=\"attachment-thumbnail size-thumbnail\" alt=\"Domaine Fran\u00e7ois Buffet\" aria-describedby=\"gallery-4-724\" \/><\/a>\n\t\t\t<\/dt>\n\t\t\t\t<dd class='wp-caption-text gallery-caption' id='gallery-4-724'>\n\t\t\t\tDomaine Fran\u00e7ois Buffet, 1ers Crus Pommard &#038; Volnay\n\t\t\t\t<\/dd><\/dl><br style=\"clear: both\" \/>\n\t\t<\/div>\n\n<p>Direction la Champagne, c\u2019est en famille que l\u2019on vous parle du domaine et des <strong>champagnes Martin<\/strong>, comme si vous y \u00e9tiez.<br \/>\nEn Bourgogne, le <strong>domaine Fran\u00e7ois Buffet<\/strong> en Bourgogne, dirig\u00e9 aujourd\u2019hui par Marc-Olivier Buffet, tire magnifiquement profit des terroirs exceptionnels de Volnay et Pommard.<\/p>\n<h3>Vignerons ind\u00e9pendants du Bordelais<\/h3>\n\n\t\t<style type=\"text\/css\">\n\t\t\t#gallery-6 {\n\t\t\t\tmargin: auto;\n\t\t\t}\n\t\t\t#gallery-6 .gallery-item {\n\t\t\t\tfloat: left;\n\t\t\t\tmargin-top: 10px;\n\t\t\t\ttext-align: center;\n\t\t\t\twidth: 50%;\n\t\t\t}\n\t\t\t#gallery-6 img {\n\t\t\t\tborder: 2px solid #cfcfcf;\n\t\t\t}\n\t\t\t#gallery-6 .gallery-caption {\n\t\t\t\tmargin-left: 0;\n\t\t\t}\n\t\t\t\/* see gallery_shortcode() in wp-includes\/media.php *\/\n\t\t<\/style>\n\t\t<div id='gallery-6' class='gallery galleryid-6 gallery-columns-2 gallery-size-thumbnail'><dl class='gallery-item'>\n\t\t\t<dt class='gallery-icon landscape'>\n\t\t\t\t<a href=\"https:\/\/www.vinotrip.com\/fr\/partenaires\/47-chateau-du-taillan\" class=\"no-lightbox\"><img loading=\"lazy\" decoding=\"async\" width=\"263\" height=\"125\" src=\"https:\/\/www.vinotrip.com\/fr\/blog\/wp-content\/uploads\/2014\/11\/DSCN1888-263x125.jpg\" class=\"attachment-thumbnail size-thumbnail\" alt=\"Ch\u00e2teau du Taillan\" aria-describedby=\"gallery-6-731\" \/><\/a>\n\t\t\t<\/dt>\n\t\t\t\t<dd class='wp-caption-text gallery-caption' id='gallery-6-731'>\n\t\t\t\tCh\u00e2teau du Taillan, Cru Bourgeois du Haut-M\u00e9doc\n\t\t\t\t<\/dd><\/dl><dl class='gallery-item'>\n\t\t\t<dt class='gallery-icon portrait'>\n\t\t\t\t<a href=\"https:\/\/www.vinotrip.com\/fr\/partenaires\/38-chateau-siaurac\" class=\"no-lightbox\"><img loading=\"lazy\" decoding=\"async\" width=\"263\" height=\"125\" src=\"https:\/\/www.vinotrip.com\/fr\/blog\/wp-content\/uploads\/2014\/11\/DSCN1896-263x125.jpg\" class=\"attachment-thumbnail size-thumbnail\" alt=\"Ch\u00e2teau Siaurac\" aria-describedby=\"gallery-6-723\" \/><\/a>\n\t\t\t<\/dt>\n\t\t\t\t<dd class='wp-caption-text gallery-caption' id='gallery-6-723'>\n\t\t\t\tCh\u00e2teau Siaurac, Grand Cru Class\u00e9 de Saint-Emilion\n\t\t\t\t<\/dd><\/dl><br style=\"clear: both\" \/>\n\t\t<\/div>\n\n<p>L\u2019\u00e9quipe du <strong>Ch\u00e2teau du Taillan<\/strong> se trouve au stand 49, all\u00e9e K. Pour le reste, Armelle Cruse, propri\u00e9taire de la magnifique b\u00e2tisse, s\u2019occupera de vous\u00a0!<br \/>\nNe passez pas dans l\u2019all\u00e9e E sans vous arr\u00eater au stand 14 o\u00f9 Myl\u00e8ne du Ch\u00e2teau Siaurac vous attend avec un beau sourire. Vous croiserez peut-\u00eatre Valentin qui vous fera d\u00e9guster les vins de <strong>Ch\u00e2teau Siaurac and Co<\/strong> (Siaurac &#8211; Le Prieur\u00e9 &#8211; Vray Croix de Gay).<\/p>\n<h3>Rendez-vous dans les vignobles<\/h3>\n<p>Cette promenade \u0153nologique pourra se poursuivre dans les vignes ou sur la <a href=\"https:\/\/www.vinotrip.com\/fr\/route-des-vins\"><span style=\"color: #993366; text-decoration: underline;\">route des vins de France<\/span><\/a>, pour une approche diff\u00e9rente et plus riche. Elle vous conduira, \u00e0 votre tour, chez ceux avec qui vous aurez tiss\u00e9 des liens au salon, vous y s\u00e9journerez. Ces vignerons ind\u00e9pendants vous attendent, le temps d\u2019un <a href=\"https:\/\/www.vinotrip.com\/fr\/sejours-oenologiques\"><span style=\"color: #993366; text-decoration: underline;\">week-end de d\u00e9gustation de vin<\/span><\/a> en Alsace, en Bourgogne, en Champagne, dans le Bordelais, sur leurs terres pr\u00eats \u00e0 vous faire d\u00e9couvrir leur passion&#8230; et leurs vins. De la porte de Versailles aux vignobles il n\u2019y a qu\u2019un pas\u00a0!<\/p>\n<p><!--:--><\/p>\n<!-- AddThis Advanced Settings generic via filter on the_content --><!-- AddThis Share Buttons generic via filter on the_content -->","protected":false},"excerpt":{"rendered":"<p>Salon des vins des vignerons ind\u00e9pendants dans toute la France Le Salon des Vignerons Ind\u00e9pendants \u00e0 Paris est un \u00e9v\u00e9nement annuel majeur pour les amateurs de vin et les professionnels du secteur. Il a en g\u00e9n\u00e9ral lieu Porte de Versailles, sur la derni\u00e8re semaine de novembre. Le Salon se tient \u00e9galement dans plusieurs villes \u00e0 [&hellip;]<!-- AddThis Advanced Settings generic via filter on get_the_excerpt --><!-- AddThis Share Buttons generic via filter on get_the_excerpt --><\/p>\n","protected":false},"author":3,"featured_media":549,"comment_status":"open","ping_status":"open","sticky":false,"template":"","format":"standard","meta":{"footnotes":""},"categories":[5,3],"tags":[15,13,11,16],"class_list":["post-6","post","type-post","status-publish","format-standard","has-post-thumbnail","hentry","category-agenda-du-vin","category-partenaires-vinotrip","tag-alsace","tag-bordeaux","tag-bourgogne","tag-champagne"],"aioseo_head":"\t<title>Salon des vins des vignerons ind\u00e9pendants &#8211; Actualit\u00e9 vin par Vinotrip<\/title>\n\n\t\t<!-- All in One SEO 4.9.6.2 - aioseo.com -->\n\t<meta name=\"description\" content=\"Salon des vins des vignerons ind\u00e9pendants dans toute la France Le Salon des Vignerons Ind\u00e9pendants \u00e0 Paris est un \u00e9v\u00e9nement annuel majeur pour les amateurs de vin et les professionnels du secteur. Il a en g\u00e9n\u00e9ral lieu Porte de Versailles, sur la derni\u00e8re semaine de novembre. Le Salon se tient \u00e9galement dans plusieurs villes \u00e0\" \/>\n\t<meta name=\"robots\" content=\"max-image-preview:large\" \/>\n\t<meta name=\"author\" content=\"Gaelle\"\/>\n\t<link rel=\"canonical\" href=\"https:\/\/www.vinotrip.com\/fr\/blog\/salon-des-vins-des-vignerons-independants\/\" \/>\n\t<meta name=\"generator\" content=\"All in One SEO (AIOSEO) 4.9.6.2\" \/>\n\t\t<meta property=\"og:locale\" content=\"fr_FR\" \/>\n\t\t<meta property=\"og:site_name\" content=\"Actualit\u00e9 vin par Vinotrip - Actualit\u00e9s du vin et des s\u00e9jours oenologiques\" \/>\n\t\t<meta property=\"og:type\" content=\"article\" \/>\n\t\t<meta property=\"og:title\" content=\"Salon des vins des vignerons ind\u00e9pendants - Actualit\u00e9 vin par Vinotrip\" \/>\n\t\t<meta property=\"og:description\" content=\"Salon des vins des vignerons ind\u00e9pendants dans toute la France Le Salon des Vignerons Ind\u00e9pendants \u00e0 Paris est un \u00e9v\u00e9nement annuel majeur pour les amateurs de vin et les professionnels du secteur. Il a en g\u00e9n\u00e9ral lieu Porte de Versailles, sur la derni\u00e8re semaine de novembre. Le Salon se tient \u00e9galement dans plusieurs villes \u00e0\" \/>\n\t\t<meta property=\"og:url\" content=\"https:\/\/www.vinotrip.com\/fr\/blog\/salon-des-vins-des-vignerons-independants\/\" \/>\n\t\t<meta property=\"article:published_time\" content=\"2013-11-27T19:56:18+00:00\" \/>\n\t\t<meta property=\"article:modified_time\" content=\"2024-04-04T21:15:26+00:00\" \/>\n\t\t<meta name=\"twitter:card\" content=\"summary_large_image\" \/>\n\t\t<meta name=\"twitter:title\" content=\"Salon des vins des vignerons ind\u00e9pendants - Actualit\u00e9 vin par Vinotrip\" \/>\n\t\t<meta name=\"twitter:description\" content=\"Salon des vins des vignerons ind\u00e9pendants dans toute la France Le Salon des Vignerons Ind\u00e9pendants \u00e0 Paris est un \u00e9v\u00e9nement annuel majeur pour les amateurs de vin et les professionnels du secteur. Il a en g\u00e9n\u00e9ral lieu Porte de Versailles, sur la derni\u00e8re semaine de novembre. Le Salon se tient \u00e9galement dans plusieurs villes \u00e0\" \/>\n\t\t<script type=\"application\/ld+json\" class=\"aioseo-schema\">\n\t\t\t{\"@context\":\"https:\\\/\\\/schema.org\",\"@graph\":[{\"@type\":\"BlogPosting\",\"@id\":\"https:\\\/\\\/www.vinotrip.com\\\/fr\\\/blog\\\/salon-des-vins-des-vignerons-independants\\\/#blogposting\",\"name\":\"Salon des vins des vignerons ind\\u00e9pendants - Actualit\\u00e9 vin par Vinotrip\",\"headline\":\"Salon des vins des vignerons ind\\u00e9pendants\",\"author\":{\"@id\":\"https:\\\/\\\/www.vinotrip.com\\\/fr\\\/blog\\\/author\\\/gaelle\\\/#author\"},\"publisher\":{\"@id\":\"https:\\\/\\\/www.vinotrip.com\\\/fr\\\/blog\\\/#organization\"},\"image\":{\"@type\":\"ImageObject\",\"url\":\"https:\\\/\\\/www.vinotrip.com\\\/fr\\\/blog\\\/wp-content\\\/uploads\\\/2014\\\/11\\\/salon-des-VVI.jpg\",\"width\":800,\"height\":600,\"caption\":\"Salon des Vins des Vignerons Ind\\u00e9pendants\"},\"datePublished\":\"2013-11-27T20:56:18+01:00\",\"dateModified\":\"2024-04-04T22:15:26+01:00\",\"inLanguage\":\"fr-FR\",\"mainEntityOfPage\":{\"@id\":\"https:\\\/\\\/www.vinotrip.com\\\/fr\\\/blog\\\/salon-des-vins-des-vignerons-independants\\\/#webpage\"},\"isPartOf\":{\"@id\":\"https:\\\/\\\/www.vinotrip.com\\\/fr\\\/blog\\\/salon-des-vins-des-vignerons-independants\\\/#webpage\"},\"articleSection\":\"Agenda du vin, Les partenaires VINOTRIP, Alsace, Bordeaux, Bourgogne, Champagne\"},{\"@type\":\"BreadcrumbList\",\"@id\":\"https:\\\/\\\/www.vinotrip.com\\\/fr\\\/blog\\\/salon-des-vins-des-vignerons-independants\\\/#breadcrumblist\",\"itemListElement\":[{\"@type\":\"ListItem\",\"@id\":\"https:\\\/\\\/www.vinotrip.com\\\/fr\\\/blog#listItem\",\"position\":1,\"name\":\"Home\",\"item\":\"https:\\\/\\\/www.vinotrip.com\\\/fr\\\/blog\",\"nextItem\":{\"@type\":\"ListItem\",\"@id\":\"https:\\\/\\\/www.vinotrip.com\\\/fr\\\/blog\\\/category\\\/partenaires-vinotrip\\\/#listItem\",\"name\":\"Les partenaires VINOTRIP\"}},{\"@type\":\"ListItem\",\"@id\":\"https:\\\/\\\/www.vinotrip.com\\\/fr\\\/blog\\\/category\\\/partenaires-vinotrip\\\/#listItem\",\"position\":2,\"name\":\"Les partenaires VINOTRIP\",\"item\":\"https:\\\/\\\/www.vinotrip.com\\\/fr\\\/blog\\\/category\\\/partenaires-vinotrip\\\/\",\"nextItem\":{\"@type\":\"ListItem\",\"@id\":\"https:\\\/\\\/www.vinotrip.com\\\/fr\\\/blog\\\/salon-des-vins-des-vignerons-independants\\\/#listItem\",\"name\":\"Salon des vins des vignerons ind\\u00e9pendants\"},\"previousItem\":{\"@type\":\"ListItem\",\"@id\":\"https:\\\/\\\/www.vinotrip.com\\\/fr\\\/blog#listItem\",\"name\":\"Home\"}},{\"@type\":\"ListItem\",\"@id\":\"https:\\\/\\\/www.vinotrip.com\\\/fr\\\/blog\\\/salon-des-vins-des-vignerons-independants\\\/#listItem\",\"position\":3,\"name\":\"Salon des vins des vignerons ind\\u00e9pendants\",\"previousItem\":{\"@type\":\"ListItem\",\"@id\":\"https:\\\/\\\/www.vinotrip.com\\\/fr\\\/blog\\\/category\\\/partenaires-vinotrip\\\/#listItem\",\"name\":\"Les partenaires VINOTRIP\"}}]},{\"@type\":\"Organization\",\"@id\":\"https:\\\/\\\/www.vinotrip.com\\\/fr\\\/blog\\\/#organization\",\"name\":\"Actualit\\u00e9 vin par Vinotrip\",\"description\":\"Actualit\\u00e9s du vin et des s\\u00e9jours oenologiques\",\"url\":\"https:\\\/\\\/www.vinotrip.com\\\/fr\\\/blog\\\/\"},{\"@type\":\"Person\",\"@id\":\"https:\\\/\\\/www.vinotrip.com\\\/fr\\\/blog\\\/author\\\/gaelle\\\/#author\",\"url\":\"https:\\\/\\\/www.vinotrip.com\\\/fr\\\/blog\\\/author\\\/gaelle\\\/\",\"name\":\"Gaelle\",\"image\":{\"@type\":\"ImageObject\",\"@id\":\"https:\\\/\\\/www.vinotrip.com\\\/fr\\\/blog\\\/salon-des-vins-des-vignerons-independants\\\/#authorImage\",\"url\":\"https:\\\/\\\/secure.gravatar.com\\\/avatar\\\/2ec05af770de2562f2a0f2e96de2187f01b3334d38ca6ab9683b465f004d8f95?s=96&d=mm&r=g\",\"width\":96,\"height\":96,\"caption\":\"Gaelle\"}},{\"@type\":\"WebPage\",\"@id\":\"https:\\\/\\\/www.vinotrip.com\\\/fr\\\/blog\\\/salon-des-vins-des-vignerons-independants\\\/#webpage\",\"url\":\"https:\\\/\\\/www.vinotrip.com\\\/fr\\\/blog\\\/salon-des-vins-des-vignerons-independants\\\/\",\"name\":\"Salon des vins des vignerons ind\\u00e9pendants - Actualit\\u00e9 vin par Vinotrip\",\"description\":\"Salon des vins des vignerons ind\\u00e9pendants dans toute la France Le Salon des Vignerons Ind\\u00e9pendants \\u00e0 Paris est un \\u00e9v\\u00e9nement annuel majeur pour les amateurs de vin et les professionnels du secteur. Il a en g\\u00e9n\\u00e9ral lieu Porte de Versailles, sur la derni\\u00e8re semaine de novembre. Le Salon se tient \\u00e9galement dans plusieurs villes \\u00e0\",\"inLanguage\":\"fr-FR\",\"isPartOf\":{\"@id\":\"https:\\\/\\\/www.vinotrip.com\\\/fr\\\/blog\\\/#website\"},\"breadcrumb\":{\"@id\":\"https:\\\/\\\/www.vinotrip.com\\\/fr\\\/blog\\\/salon-des-vins-des-vignerons-independants\\\/#breadcrumblist\"},\"author\":{\"@id\":\"https:\\\/\\\/www.vinotrip.com\\\/fr\\\/blog\\\/author\\\/gaelle\\\/#author\"},\"creator\":{\"@id\":\"https:\\\/\\\/www.vinotrip.com\\\/fr\\\/blog\\\/author\\\/gaelle\\\/#author\"},\"image\":{\"@type\":\"ImageObject\",\"url\":\"https:\\\/\\\/www.vinotrip.com\\\/fr\\\/blog\\\/wp-content\\\/uploads\\\/2014\\\/11\\\/salon-des-VVI.jpg\",\"@id\":\"https:\\\/\\\/www.vinotrip.com\\\/fr\\\/blog\\\/salon-des-vins-des-vignerons-independants\\\/#mainImage\",\"width\":800,\"height\":600,\"caption\":\"Salon des Vins des Vignerons Ind\\u00e9pendants\"},\"primaryImageOfPage\":{\"@id\":\"https:\\\/\\\/www.vinotrip.com\\\/fr\\\/blog\\\/salon-des-vins-des-vignerons-independants\\\/#mainImage\"},\"datePublished\":\"2013-11-27T20:56:18+01:00\",\"dateModified\":\"2024-04-04T22:15:26+01:00\"},{\"@type\":\"WebSite\",\"@id\":\"https:\\\/\\\/www.vinotrip.com\\\/fr\\\/blog\\\/#website\",\"url\":\"https:\\\/\\\/www.vinotrip.com\\\/fr\\\/blog\\\/\",\"name\":\"Actualit\\u00e9 vin par Vinotrip\",\"description\":\"Actualit\\u00e9s du vin et des s\\u00e9jours oenologiques\",\"inLanguage\":\"fr-FR\",\"publisher\":{\"@id\":\"https:\\\/\\\/www.vinotrip.com\\\/fr\\\/blog\\\/#organization\"}}]}\n\t\t<\/script>\n\t\t<!-- All in One SEO -->\n\n","aioseo_notices":[],"_links":{"self":[{"href":"https:\/\/www.vinotrip.com\/fr\/blog\/wp-json\/wp\/v2\/posts\/6","targetHints":{"allow":["GET"]}}],"collection":[{"href":"https:\/\/www.vinotrip.com\/fr\/blog\/wp-json\/wp\/v2\/posts"}],"about":[{"href":"https:\/\/www.vinotrip.com\/fr\/blog\/wp-json\/wp\/v2\/types\/post"}],"author":[{"embeddable":true,"href":"https:\/\/www.vinotrip.com\/fr\/blog\/wp-json\/wp\/v2\/users\/3"}],"replies":[{"embeddable":true,"href":"https:\/\/www.vinotrip.com\/fr\/blog\/wp-json\/wp\/v2\/comments?post=6"}],"version-history":[{"count":26,"href":"https:\/\/www.vinotrip.com\/fr\/blog\/wp-json\/wp\/v2\/posts\/6\/revisions"}],"predecessor-version":[{"id":1881,"href":"https:\/\/www.vinotrip.com\/fr\/blog\/wp-json\/wp\/v2\/posts\/6\/revisions\/1881"}],"wp:featuredmedia":[{"embeddable":true,"href":"https:\/\/www.vinotrip.com\/fr\/blog\/wp-json\/wp\/v2\/media\/549"}],"wp:attachment":[{"href":"https:\/\/www.vinotrip.com\/fr\/blog\/wp-json\/wp\/v2\/media?parent=6"}],"wp:term":[{"taxonomy":"category","embeddable":true,"href":"https:\/\/www.vinotrip.com\/fr\/blog\/wp-json\/wp\/v2\/categories?post=6"},{"taxonomy":"post_tag","embeddable":true,"href":"https:\/\/www.vinotrip.com\/fr\/blog\/wp-json\/wp\/v2\/tags?post=6"}],"curies":[{"name":"wp","href":"https:\/\/api.w.org\/{rel}","templated":true}]}}