{"id":747,"date":"2014-12-01T15:01:03","date_gmt":"2014-12-01T14:01:03","guid":{"rendered":"https:\/\/www.vinotrip.com\/fr\/blog\/?p=747"},"modified":"2021-02-05T17:18:35","modified_gmt":"2021-02-05T16:18:35","slug":"les-marches-de-noel-en-alsace-3","status":"publish","type":"post","link":"https:\/\/www.vinotrip.com\/fr\/blog\/les-marches-de-noel-en-alsace-3\/","title":{"rendered":"Les animations oenologiques sur les march\u00e9s de No\u00ebl en Alsace"},"content":{"rendered":"<p>S\u2019il y a une r\u00e9gion embl\u00e9matique pour les march\u00e9s de No\u00ebl, c\u2019est bien l\u2019<strong>Alsace<\/strong>\u00a0!<\/p>\n<p>Le<strong> march\u00e9 de No\u00ebl<\/strong> est un march\u00e9 o\u00f9 se vendent de nombreux produits autour de la th\u00e9matique de No\u00ebl\u00a0: des articles de d\u00e9coration, des produits r\u00e9gionaux et artisanaux, de quoi se restaurer (vin chaud, cr\u00eapes, gauffres\u2026). Les premi\u00e8res traces des march\u00e9s de No\u00ebl remontent au <strong>XIV\u00e8me si\u00e8cle<\/strong> en <strong>Allemagne<\/strong>, plus connus sous le nom de \u00ab<strong>\u00a0March\u00e9 de Saint-Nicolas<\/strong>\u00a0\u00bb.<br \/>\nTraditionnels en Alsace (notamment \u00e0 <strong>Strasbourg, Mulhouse, Colmar <\/strong>ou encore<strong> Kaysersberg<\/strong>) ils s\u2019\u00e9tendent petit \u00e0 petit dans d\u2019autres nombreuses villes du monde. Ces march\u00e9s sont en g\u00e9n\u00e9ral organis\u00e9s par les municipalit\u00e9s et ils ont lieu au mois de d\u00e9cembre, juste avant le d\u00e9but de l\u2019avent, le 1<sup>er<\/sup> d\u00e9cembre.<br \/>\nLe 28 novembre dernier, une grande majorit\u00e9 des march\u00e9s de No\u00ebl alsaciens ont ouvert leurs portes, \u00e0 l\u2019image de celui de <strong>Strasbourg,<\/strong> pour la <strong>444<\/strong><sup>\u00e8me<\/sup> ann\u00e9e cons\u00e9cutive. Consid\u00e9r\u00e9 comme l&rsquo;un des plus importants et des plus vieux march\u00e9s de No\u00ebl d\u2019Europe (depuis 1570), il attire chaque ann\u00e9e plus de <strong>2 millions de visiteurs<\/strong> et regroupe<strong> 300 chalets<\/strong>.<br \/>\nOutre le march\u00e9 de Strasbourg, de nombreux march\u00e9s alsaciens sont aujourd\u2019hui tr\u00e8s pris\u00e9s, tels que ceux de : <strong>Colmar, Kaysersberg, Mulhouse, Munster, Riquewihr\/Ribeauvill\u00e9<\/strong> ou encore <strong>S\u00e9lestat<\/strong>.<\/p>\n<p>Dans beaucoup de ces <strong>march\u00e9s de No\u00ebl en Alsace,\u00a0<\/strong>des animations \u00ab\u00a0<strong>Caves de No\u00ebl<\/strong>\u00a0\u00bb ont \u00e9t\u00e9 mises en place. On les retrouve notamment dans l&rsquo;un des plus beaux march\u00e9s de No\u00ebl alsacien, celui de Riquewihr\/Ribeauvill\u00e9. Les viticulteurs locaux vous accueillent et vous font partager leur passion dans le cadre intimiste de leurs caves, d\u00e9cor\u00e9es aux couleurs de No\u00ebl pour l\u2019occasion. Profitez d\u2019animations originales autour de la <strong>d\u00e9gustation de vin<\/strong> accompagn\u00e9e de <strong>petites douceurs de No\u00ebl<\/strong>, de l\u2019artisanat r\u00e9gional et de la gastronomie. Des ateliers de d\u00e9couverte et de d\u00e9gustation des \u00e9pices de No\u00ebl (<strong>kougelhopf<\/strong>, <strong>pain d\u2019\u00e9pices<\/strong>, <strong>bredalas<\/strong>\u2026), des parcours gourmands aux chandelles mais aussi des expositions de photos du <a href=\"https:\/\/www.vinotrip.com\/fr\/vignoble\/alsace\"><span style=\"color: #993366; text-decoration: underline;\">vignoble alsacien<\/span><\/a> en hiver sont organis\u00e9s dans les diff\u00e9rentes caves des vignerons participants.<\/p>\n<p>Profitez de la magie des March\u00e9s de No\u00ebl pour <a href=\"https:\/\/www.vinotrip.com\/fr\/sejours-oenologiques-alsace\" target=\"_blank\" rel=\"noopener\"><span style=\"color: #993366; text-decoration: underline;\">s\u00e9journer en Alsace<\/span><\/a> !<\/p>\n<!-- AddThis Advanced Settings generic via filter on the_content --><!-- AddThis Share Buttons generic via filter on the_content -->","protected":false},"excerpt":{"rendered":"<p>S\u2019il y a une r\u00e9gion embl\u00e9matique pour les march\u00e9s de No\u00ebl, c\u2019est bien l\u2019Alsace\u00a0! Le march\u00e9 de No\u00ebl est un march\u00e9 o\u00f9 se vendent de nombreux produits autour de la th\u00e9matique de No\u00ebl\u00a0: des articles de d\u00e9coration, des produits r\u00e9gionaux et artisanaux, de quoi se restaurer (vin chaud, cr\u00eapes, gauffres\u2026). Les premi\u00e8res traces des march\u00e9s [&hellip;]<!-- AddThis Advanced Settings generic via filter on get_the_excerpt --><!-- AddThis Share Buttons generic via filter on get_the_excerpt --><\/p>\n","protected":false},"author":3,"featured_media":0,"comment_status":"open","ping_status":"open","sticky":false,"template":"","format":"standard","meta":{"footnotes":""},"categories":[1,5],"tags":[15],"class_list":["post-747","post","type-post","status-publish","format-standard","hentry","category-actualites","category-agenda-du-vin","tag-alsace"],"aioseo_head":"\t<title>Les animations oenologiques sur les march\u00e9s de No\u00ebl en Alsace &#8211; Actualit\u00e9 vin par Vinotrip<\/title>\n\n\t\t<!-- All in One SEO 4.9.6.2 - aioseo.com -->\n\t<meta name=\"description\" content=\"S\u2019il y a une r\u00e9gion embl\u00e9matique pour les march\u00e9s de No\u00ebl, c\u2019est bien l\u2019Alsace ! Le march\u00e9 de No\u00ebl est un march\u00e9 o\u00f9 se vendent de nombreux produits autour de la th\u00e9matique de No\u00ebl : des articles de d\u00e9coration, des produits r\u00e9gionaux et artisanaux, de quoi se restaurer (vin chaud, cr\u00eapes, gauffres\u2026). Les premi\u00e8res traces des march\u00e9s\" \/>\n\t<meta name=\"robots\" content=\"max-image-preview:large\" \/>\n\t<meta name=\"author\" content=\"Gaelle\"\/>\n\t<link rel=\"canonical\" href=\"https:\/\/www.vinotrip.com\/fr\/blog\/les-marches-de-noel-en-alsace-3\/\" \/>\n\t<meta name=\"generator\" content=\"All in One SEO (AIOSEO) 4.9.6.2\" \/>\n\t\t<meta property=\"og:locale\" content=\"fr_FR\" \/>\n\t\t<meta property=\"og:site_name\" content=\"Actualit\u00e9 vin par Vinotrip - Actualit\u00e9s du vin et des s\u00e9jours oenologiques\" \/>\n\t\t<meta property=\"og:type\" content=\"article\" \/>\n\t\t<meta property=\"og:title\" content=\"Les animations oenologiques sur les march\u00e9s de No\u00ebl en Alsace - Actualit\u00e9 vin par Vinotrip\" \/>\n\t\t<meta property=\"og:description\" content=\"S\u2019il y a une r\u00e9gion embl\u00e9matique pour les march\u00e9s de No\u00ebl, c\u2019est bien l\u2019Alsace ! Le march\u00e9 de No\u00ebl est un march\u00e9 o\u00f9 se vendent de nombreux produits autour de la th\u00e9matique de No\u00ebl : des articles de d\u00e9coration, des produits r\u00e9gionaux et artisanaux, de quoi se restaurer (vin chaud, cr\u00eapes, gauffres\u2026). Les premi\u00e8res traces des march\u00e9s\" \/>\n\t\t<meta property=\"og:url\" content=\"https:\/\/www.vinotrip.com\/fr\/blog\/les-marches-de-noel-en-alsace-3\/\" \/>\n\t\t<meta property=\"article:published_time\" content=\"2014-12-01T14:01:03+00:00\" \/>\n\t\t<meta property=\"article:modified_time\" content=\"2021-02-05T16:18:35+00:00\" \/>\n\t\t<meta name=\"twitter:card\" content=\"summary_large_image\" \/>\n\t\t<meta name=\"twitter:title\" content=\"Les animations oenologiques sur les march\u00e9s de No\u00ebl en Alsace - Actualit\u00e9 vin par Vinotrip\" \/>\n\t\t<meta name=\"twitter:description\" content=\"S\u2019il y a une r\u00e9gion embl\u00e9matique pour les march\u00e9s de No\u00ebl, c\u2019est bien l\u2019Alsace ! Le march\u00e9 de No\u00ebl est un march\u00e9 o\u00f9 se vendent de nombreux produits autour de la th\u00e9matique de No\u00ebl : des articles de d\u00e9coration, des produits r\u00e9gionaux et artisanaux, de quoi se restaurer (vin chaud, cr\u00eapes, gauffres\u2026). Les premi\u00e8res traces des march\u00e9s\" \/>\n\t\t<script type=\"application\/ld+json\" class=\"aioseo-schema\">\n\t\t\t{\"@context\":\"https:\\\/\\\/schema.org\",\"@graph\":[{\"@type\":\"BlogPosting\",\"@id\":\"https:\\\/\\\/www.vinotrip.com\\\/fr\\\/blog\\\/les-marches-de-noel-en-alsace-3\\\/#blogposting\",\"name\":\"Les animations oenologiques sur les march\\u00e9s de No\\u00ebl en Alsace - Actualit\\u00e9 vin par Vinotrip\",\"headline\":\"Les animations oenologiques sur les march\\u00e9s de No\\u00ebl en Alsace\",\"author\":{\"@id\":\"https:\\\/\\\/www.vinotrip.com\\\/fr\\\/blog\\\/author\\\/gaelle\\\/#author\"},\"publisher\":{\"@id\":\"https:\\\/\\\/www.vinotrip.com\\\/fr\\\/blog\\\/#organization\"},\"datePublished\":\"2014-12-01T15:01:03+01:00\",\"dateModified\":\"2021-02-05T17:18:35+01:00\",\"inLanguage\":\"fr-FR\",\"mainEntityOfPage\":{\"@id\":\"https:\\\/\\\/www.vinotrip.com\\\/fr\\\/blog\\\/les-marches-de-noel-en-alsace-3\\\/#webpage\"},\"isPartOf\":{\"@id\":\"https:\\\/\\\/www.vinotrip.com\\\/fr\\\/blog\\\/les-marches-de-noel-en-alsace-3\\\/#webpage\"},\"articleSection\":\"Actualit\\u00e9s, Agenda du vin, Alsace\"},{\"@type\":\"BreadcrumbList\",\"@id\":\"https:\\\/\\\/www.vinotrip.com\\\/fr\\\/blog\\\/les-marches-de-noel-en-alsace-3\\\/#breadcrumblist\",\"itemListElement\":[{\"@type\":\"ListItem\",\"@id\":\"https:\\\/\\\/www.vinotrip.com\\\/fr\\\/blog#listItem\",\"position\":1,\"name\":\"Home\",\"item\":\"https:\\\/\\\/www.vinotrip.com\\\/fr\\\/blog\",\"nextItem\":{\"@type\":\"ListItem\",\"@id\":\"https:\\\/\\\/www.vinotrip.com\\\/fr\\\/blog\\\/category\\\/actualites\\\/#listItem\",\"name\":\"Actualit\\u00e9s\"}},{\"@type\":\"ListItem\",\"@id\":\"https:\\\/\\\/www.vinotrip.com\\\/fr\\\/blog\\\/category\\\/actualites\\\/#listItem\",\"position\":2,\"name\":\"Actualit\\u00e9s\",\"item\":\"https:\\\/\\\/www.vinotrip.com\\\/fr\\\/blog\\\/category\\\/actualites\\\/\",\"nextItem\":{\"@type\":\"ListItem\",\"@id\":\"https:\\\/\\\/www.vinotrip.com\\\/fr\\\/blog\\\/les-marches-de-noel-en-alsace-3\\\/#listItem\",\"name\":\"Les animations oenologiques sur les march\\u00e9s de No\\u00ebl en Alsace\"},\"previousItem\":{\"@type\":\"ListItem\",\"@id\":\"https:\\\/\\\/www.vinotrip.com\\\/fr\\\/blog#listItem\",\"name\":\"Home\"}},{\"@type\":\"ListItem\",\"@id\":\"https:\\\/\\\/www.vinotrip.com\\\/fr\\\/blog\\\/les-marches-de-noel-en-alsace-3\\\/#listItem\",\"position\":3,\"name\":\"Les animations oenologiques sur les march\\u00e9s de No\\u00ebl en Alsace\",\"previousItem\":{\"@type\":\"ListItem\",\"@id\":\"https:\\\/\\\/www.vinotrip.com\\\/fr\\\/blog\\\/category\\\/actualites\\\/#listItem\",\"name\":\"Actualit\\u00e9s\"}}]},{\"@type\":\"Organization\",\"@id\":\"https:\\\/\\\/www.vinotrip.com\\\/fr\\\/blog\\\/#organization\",\"name\":\"Actualit\\u00e9 vin par Vinotrip\",\"description\":\"Actualit\\u00e9s du vin et des s\\u00e9jours oenologiques\",\"url\":\"https:\\\/\\\/www.vinotrip.com\\\/fr\\\/blog\\\/\"},{\"@type\":\"Person\",\"@id\":\"https:\\\/\\\/www.vinotrip.com\\\/fr\\\/blog\\\/author\\\/gaelle\\\/#author\",\"url\":\"https:\\\/\\\/www.vinotrip.com\\\/fr\\\/blog\\\/author\\\/gaelle\\\/\",\"name\":\"Gaelle\",\"image\":{\"@type\":\"ImageObject\",\"@id\":\"https:\\\/\\\/www.vinotrip.com\\\/fr\\\/blog\\\/les-marches-de-noel-en-alsace-3\\\/#authorImage\",\"url\":\"https:\\\/\\\/secure.gravatar.com\\\/avatar\\\/2ec05af770de2562f2a0f2e96de2187f01b3334d38ca6ab9683b465f004d8f95?s=96&d=mm&r=g\",\"width\":96,\"height\":96,\"caption\":\"Gaelle\"}},{\"@type\":\"WebPage\",\"@id\":\"https:\\\/\\\/www.vinotrip.com\\\/fr\\\/blog\\\/les-marches-de-noel-en-alsace-3\\\/#webpage\",\"url\":\"https:\\\/\\\/www.vinotrip.com\\\/fr\\\/blog\\\/les-marches-de-noel-en-alsace-3\\\/\",\"name\":\"Les animations oenologiques sur les march\\u00e9s de No\\u00ebl en Alsace - Actualit\\u00e9 vin par Vinotrip\",\"description\":\"S\\u2019il y a une r\\u00e9gion embl\\u00e9matique pour les march\\u00e9s de No\\u00ebl, c\\u2019est bien l\\u2019Alsace ! Le march\\u00e9 de No\\u00ebl est un march\\u00e9 o\\u00f9 se vendent de nombreux produits autour de la th\\u00e9matique de No\\u00ebl : des articles de d\\u00e9coration, des produits r\\u00e9gionaux et artisanaux, de quoi se restaurer (vin chaud, cr\\u00eapes, gauffres\\u2026). Les premi\\u00e8res traces des march\\u00e9s\",\"inLanguage\":\"fr-FR\",\"isPartOf\":{\"@id\":\"https:\\\/\\\/www.vinotrip.com\\\/fr\\\/blog\\\/#website\"},\"breadcrumb\":{\"@id\":\"https:\\\/\\\/www.vinotrip.com\\\/fr\\\/blog\\\/les-marches-de-noel-en-alsace-3\\\/#breadcrumblist\"},\"author\":{\"@id\":\"https:\\\/\\\/www.vinotrip.com\\\/fr\\\/blog\\\/author\\\/gaelle\\\/#author\"},\"creator\":{\"@id\":\"https:\\\/\\\/www.vinotrip.com\\\/fr\\\/blog\\\/author\\\/gaelle\\\/#author\"},\"datePublished\":\"2014-12-01T15:01:03+01:00\",\"dateModified\":\"2021-02-05T17:18:35+01:00\"},{\"@type\":\"WebSite\",\"@id\":\"https:\\\/\\\/www.vinotrip.com\\\/fr\\\/blog\\\/#website\",\"url\":\"https:\\\/\\\/www.vinotrip.com\\\/fr\\\/blog\\\/\",\"name\":\"Actualit\\u00e9 vin par Vinotrip\",\"description\":\"Actualit\\u00e9s du vin et des s\\u00e9jours oenologiques\",\"inLanguage\":\"fr-FR\",\"publisher\":{\"@id\":\"https:\\\/\\\/www.vinotrip.com\\\/fr\\\/blog\\\/#organization\"}}]}\n\t\t<\/script>\n\t\t<!-- All in One SEO -->\n\n","aioseo_notices":[],"_links":{"self":[{"href":"https:\/\/www.vinotrip.com\/fr\/blog\/wp-json\/wp\/v2\/posts\/747","targetHints":{"allow":["GET"]}}],"collection":[{"href":"https:\/\/www.vinotrip.com\/fr\/blog\/wp-json\/wp\/v2\/posts"}],"about":[{"href":"https:\/\/www.vinotrip.com\/fr\/blog\/wp-json\/wp\/v2\/types\/post"}],"author":[{"embeddable":true,"href":"https:\/\/www.vinotrip.com\/fr\/blog\/wp-json\/wp\/v2\/users\/3"}],"replies":[{"embeddable":true,"href":"https:\/\/www.vinotrip.com\/fr\/blog\/wp-json\/wp\/v2\/comments?post=747"}],"version-history":[{"count":12,"href":"https:\/\/www.vinotrip.com\/fr\/blog\/wp-json\/wp\/v2\/posts\/747\/revisions"}],"predecessor-version":[{"id":5937,"href":"https:\/\/www.vinotrip.com\/fr\/blog\/wp-json\/wp\/v2\/posts\/747\/revisions\/5937"}],"wp:attachment":[{"href":"https:\/\/www.vinotrip.com\/fr\/blog\/wp-json\/wp\/v2\/media?parent=747"}],"wp:term":[{"taxonomy":"category","embeddable":true,"href":"https:\/\/www.vinotrip.com\/fr\/blog\/wp-json\/wp\/v2\/categories?post=747"},{"taxonomy":"post_tag","embeddable":true,"href":"https:\/\/www.vinotrip.com\/fr\/blog\/wp-json\/wp\/v2\/tags?post=747"}],"curies":[{"name":"wp","href":"https:\/\/api.w.org\/{rel}","templated":true}]}}