{"id":813,"date":"2014-12-15T10:28:50","date_gmt":"2014-12-15T09:28:50","guid":{"rendered":"https:\/\/www.vinotrip.com\/fr\/blog\/?p=813"},"modified":"2017-12-14T12:24:03","modified_gmt":"2017-12-14T11:24:03","slug":"nos-partenaires-presents-sur-le-grand-tasting-de-paris","status":"publish","type":"post","link":"https:\/\/www.vinotrip.com\/fr\/blog\/nos-partenaires-presents-sur-le-grand-tasting-de-paris\/","title":{"rendered":"Nos partenaires pr\u00e9sents sur le Grand Tasting de Paris"},"content":{"rendered":"<p><strong>A Bordeaux<\/strong><\/p>\n<ul>\n<li><em><a href=\"https:\/\/www.vinotrip.com\/fr\/partenaires\/71-chateau-ferrand\" target=\"_blank\" rel=\"noopener\">Ch\u00e2teau de Ferrand<\/a><\/em><\/li>\n<\/ul>\n<div id=\"attachment_814\" style=\"width: 160px\" class=\"wp-caption alignleft\"><a href=\"https:\/\/www.vinotrip.com\/fr\/blog\/wp-content\/uploads\/2014\/12\/DSCN1926.jpg\"><img loading=\"lazy\" decoding=\"async\" aria-describedby=\"caption-attachment-814\" class=\"size-thumbnail wp-image-814\" src=\"https:\/\/www.vinotrip.com\/fr\/blog\/wp-content\/uploads\/2014\/12\/DSCN1926-150x150.jpg\" alt=\"Grand Cru Class\u00e9 de Saint-Emilion\" width=\"150\" height=\"150\" \/><\/a><p id=\"caption-attachment-814\" class=\"wp-caption-text\">Grand Cru Class\u00e9 de Saint-Emilion<\/p><\/div>\n<p>Adrien, responsable oenotourisme au Ch\u00e2teau de Ferrand vous fait d\u00e9guster les cuv\u00e9es de ce Grand Cru Class\u00e9 de Saint-Emilion. La singularit\u00e9 de Ferrand tient au fait qu\u2019en 300 ans, le ch\u00e2teau n\u2019a connu que deux familles propri\u00e9taires. Aujourd&rsquo;hui, c&rsquo;est la famille du Baron Bich qui pr\u00e9side aux destin\u00e9es de la propri\u00e9t\u00e9.<\/p>\n<p>&nbsp;<\/p>\n<p>&nbsp;<\/p>\n<p><!--more--><\/p>\n<p>&nbsp;<\/p>\n<ul>\n<li><em><a href=\"https:\/\/www.vinotrip.com\/fr\/partenaires\/85-chateau-lafon-rochet\">Ch\u00e2teau Lafon-Rochet<\/a><\/em><\/li>\n<\/ul>\n<div id=\"attachment_815\" style=\"width: 160px\" class=\"wp-caption alignleft\"><a href=\"https:\/\/www.vinotrip.com\/fr\/blog\/wp-content\/uploads\/2014\/12\/DSCN1915.jpg\"><img loading=\"lazy\" decoding=\"async\" aria-describedby=\"caption-attachment-815\" class=\"size-thumbnail wp-image-815\" src=\"https:\/\/www.vinotrip.com\/fr\/blog\/wp-content\/uploads\/2014\/12\/DSCN1915-150x150.jpg\" alt=\"Cru Class\u00e9 de Saint-Est\u00e8phe\" width=\"150\" height=\"150\" \/><\/a><p id=\"caption-attachment-815\" class=\"wp-caption-text\">Cru Class\u00e9 de Saint-Est\u00e8phe<\/p><\/div>\n<p>Le vignoble de 45 hectares est situ\u00e9 au sud-ouest de l\u2019appellation Saint-Est\u00e8phe, sur l\u2019un des terroirs les plus prestigieux au monde.<br \/>\nEn 1855, son vin est class\u00e9 Quatri\u00e8me Grand Cru. Ayant \u00e9t\u00e9 vendue cinq fois, la propri\u00e9t\u00e9 est finalement rachet\u00e9e par Guy Tesseron en 1961, et reste aux mains de la famille jusqu\u2019\u00e0 nos jours, transmise de g\u00e9n\u00e9ration en g\u00e9n\u00e9ration. Guy Tesseron replante les vignes, et fait reconstruire la demeure ayant br\u00fbl\u00e9e, en chartreuse jaune de style XVIII\u00e8me.<\/p>\n<p>&nbsp;<\/p>\n<p>&nbsp;<\/p>\n<ul>\n<li><em><a href=\"https:\/\/www.vinotrip.com\/fr\/partenaires\/115-chateau-des-ormes-de-pez\">Ch\u00e2teau des Ormes de Pez<\/a><\/em><\/li>\n<\/ul>\n<div id=\"attachment_816\" style=\"width: 160px\" class=\"wp-caption alignleft\"><a href=\"https:\/\/www.vinotrip.com\/fr\/blog\/wp-content\/uploads\/2014\/12\/DSCN1920.jpg\"><img loading=\"lazy\" decoding=\"async\" aria-describedby=\"caption-attachment-816\" class=\"size-thumbnail wp-image-816\" src=\"https:\/\/www.vinotrip.com\/fr\/blog\/wp-content\/uploads\/2014\/12\/DSCN1920-150x150.jpg\" alt=\"Cru Bourgeois de Saint-Est\u00e8phe, M\u00e9doc\" width=\"150\" height=\"150\" \/><\/a><p id=\"caption-attachment-816\" class=\"wp-caption-text\">Cru Bourgeois de Saint-Est\u00e8phe, M\u00e9doc<\/p><\/div>\n<p>Le domaine s\u2019\u00e9tend sur 35 hectares ; quatre <a href=\"https:\/\/www.vinotrip.com\/fr\/vignoble\/bordeaux\">c\u00e9pages bordelais<\/a> y sont pr\u00e9sents : cabernet sauvignon, merlot, cabernet franc, et petit verdot, par ordre d\u2019importance. Les techniques de la vinification associent tradition et modernit\u00e9, donnant lieu \u00e0 des vins harmonieux, dont le premier vin <em>Ormes de Pez<\/em> est Cru Bourgeois, une d\u00e9nomination consid\u00e9r\u00e9e aujourd\u2019hui comme un label particuli\u00e8rement qualitatif.<\/p>\n<p>&nbsp;<\/p>\n<p>&nbsp;<\/p>\n<p>&nbsp;<\/p>\n<p>&nbsp;<\/p>\n<ul>\n<li><em><a href=\"https:\/\/www.vinotrip.com\/fr\/partenaires\/74-chateau-lynch-bages\">Ch\u00e2teau Lynch-Bages<\/a><\/em> &#8211; Grand Cru Class\u00e9 de Pauillac<\/li>\n<\/ul>\n<p>Le vignoble s\u2019\u00e9tend sur une centaine d\u2019hectares \u00e0 Pauillac, dans le M\u00e9doc. A partir de 1934, Jean-Charles Cazes innove, et affirme le style \u00ab Lynch-Bages\u00bb. L\u2019exigence, et la qualit\u00e9 ont toujours \u00e9t\u00e9 et demeurent les ma\u00eetre-mots de ce domaine mettant en valeur sa philosophie d\u2019\u00ab art de vivre le vin \u00bb.<\/p>\n<p>&nbsp;<\/p>\n<ul>\n<li><em><a href=\"https:\/\/www.vinotrip.com\/fr\/partenaires\/116-chateau-siran\">Ch\u00e2teau Siran<\/a><\/em><\/li>\n<\/ul>\n<div id=\"attachment_817\" style=\"width: 160px\" class=\"wp-caption alignleft\"><a href=\"https:\/\/www.vinotrip.com\/fr\/blog\/wp-content\/uploads\/2014\/12\/DSCN1925.jpg\"><img loading=\"lazy\" decoding=\"async\" aria-describedby=\"caption-attachment-817\" class=\"size-thumbnail wp-image-817\" src=\"https:\/\/www.vinotrip.com\/fr\/blog\/wp-content\/uploads\/2014\/12\/DSCN1925-150x150.jpg\" alt=\"Cru Bourgeois de Margaux\" width=\"150\" height=\"150\" \/><\/a><p id=\"caption-attachment-817\" class=\"wp-caption-text\">Cru Bourgeois de Margaux<\/p><\/div>\n<p>Situ\u00e9 au sud de l\u2019appellation Margaux, le Ch\u00e2teau Siran poss\u00e8de un terroir exceptionnel propice \u00e0 l\u2019\u00e9laboration de tr\u00e8s grands vins, d\u00e9licats, fins et gourmands. Issu d\u2019un assemblage subtil entre le Merlot, le Cabernet Sauvignon et le Petit Verdot, Ch\u00e2teau Siran privil\u00e9gie g\u00e9n\u00e9ralement la finesse, la f\u00e9minit\u00e9, le soyeux, \u00e0 la puissance pure et \u00e0 la virilit\u00e9 de certains vins du m\u00e9doc.<\/p>\n<p>&nbsp;<\/p>\n<p>&nbsp;<\/p>\n<p>&nbsp;<\/p>\n<ul>\n<li><em><a href=\"https:\/\/www.vinotrip.com\/fr\/partenaires\/88-chateau-suduiraut\">Ch\u00e2teau Suduiraut<\/a> <\/em>\u2013 Grand Cru Class\u00e9 de Sauternes<\/li>\n<\/ul>\n<p>Le vignoble s\u2019\u00e9tend sur 92 hectares et le c\u00e9page de pr\u00e9dilection est le S\u00e9millon (\u00e0 90%). Le Sauvignon ne repr\u00e9sente que 10%. Les vins de Suduiraut sont parmi les plus \u00e9l\u00e9gants et les plus raffin\u00e9s de l\u2019appellation Sauternes. Ils sont puissants et fruit\u00e9s et offrent une belle couleur ambr\u00e9e voire acajou en se r\u00e9v\u00e9lant d\u2019une \u00e9tonnante complexit\u00e9.<\/p>\n<p>&gt;&gt; Retrouvez tous <span style=\"text-decoration: underline; color: #800080;\"><a style=\"color: #800080; text-decoration: underline;\" href=\"https:\/\/www.vinotrip.com\/fr\/sejours-oenologiques-bordeaux\">nos s\u00e9jours \u00e0 Bordeaux<\/a><\/span><\/p>\n<p>&nbsp;<\/p>\n<p><strong>En Bourgogne<\/strong><\/p>\n<ul>\n<li><em><a href=\"https:\/\/www.vinotrip.com\/fr\/partenaires\/25-domaine-trapet\">Domaine Trapet<\/a><\/em><\/li>\n<\/ul>\n<p>Andr\u00e9e Trapet alsacienne, terrienne et vigneronne poursuit l\u2019\u0153uvre de ses parents en Alsace et \u00e0 Gevrey. Fervente ambassadrice de la bio-dynamie, condition n\u00e9cessaire et unique \u00e0 l\u2019\u00e9panouissement de ses terroirs et de ses vignes, la Maison Trapet dispose d\u2019un magnifique patrimoine (grands crus et premiers crus, entre autres), travaill\u00e9 dans le respect du terroir.<\/p>\n<p>&nbsp;<\/p>\n<ul>\n<li><em><a href=\"https:\/\/www.vinotrip.com\/fr\/partenaires\/8-maison-olivier-leflaive\">Maison Olivier Leflaive<\/a><\/em><\/li>\n<\/ul>\n<div id=\"attachment_818\" style=\"width: 160px\" class=\"wp-caption alignleft\"><a href=\"https:\/\/www.vinotrip.com\/fr\/blog\/wp-content\/uploads\/2014\/12\/DSCN1913.jpg\"><img loading=\"lazy\" decoding=\"async\" aria-describedby=\"caption-attachment-818\" class=\"size-thumbnail wp-image-818\" src=\"https:\/\/www.vinotrip.com\/fr\/blog\/wp-content\/uploads\/2014\/12\/DSCN1913-150x150.jpg\" alt=\"Vins de Bourgogne\" width=\"150\" height=\"150\" \/><\/a><p id=\"caption-attachment-818\" class=\"wp-caption-text\">Puligny-Montrachet<\/p><\/div>\n<p>Afin \u00e9laborer des grands vins, Olivier Leflaive conserve la ma\u00eetrise de la vinification et de l\u2019\u00e9levage. Les vins blancs de la Maison sont achet\u00e9s en raisins ou en jus \u00ab\u00a0sous le pressoir\u00a0\u00bb. Chaque cuv\u00e9e b\u00e9n\u00e9ficie, dans l\u2019esprit \u00ab\u00a0Domaine\u00a0\u00bb d\u2019une approche individualis\u00e9e, l\u2019objectif premier \u00e9tant de veiller \u00e0 l\u2019authenticit\u00e9 de chaque appellation, au respect du terroir. A l\u2019image du tr\u00e8s r\u00e9put\u00e9 Puligny-Montrachet, toutes les cuv\u00e9es portent la marque et la personnalit\u00e9 des appellations bourguignonnes.<\/p>\n<p>&nbsp;<\/p>\n<p>&gt;&gt; Retrouvez tous <span style=\"text-decoration: underline;\"><span style=\"color: #800080;\"><a style=\"color: #800080; text-decoration: underline;\" href=\"https:\/\/www.vinotrip.com\/fr\/sejours-oenologiques-bourgogne\">nos s\u00e9jours en Bourgogne<\/a><\/span><\/span><\/p>\n<!-- AddThis Advanced Settings generic via filter on the_content --><!-- AddThis Share Buttons generic via filter on the_content -->","protected":false},"excerpt":{"rendered":"<p>A Bordeaux Ch\u00e2teau de Ferrand Adrien, responsable oenotourisme au Ch\u00e2teau de Ferrand vous fait d\u00e9guster les cuv\u00e9es de ce Grand Cru Class\u00e9 de Saint-Emilion. La singularit\u00e9 de Ferrand tient au fait qu\u2019en 300 ans, le ch\u00e2teau n\u2019a connu que deux familles propri\u00e9taires. Aujourd&rsquo;hui, c&rsquo;est la famille du Baron Bich qui pr\u00e9side aux destin\u00e9es de la [&hellip;]<!-- AddThis Advanced Settings generic via filter on get_the_excerpt --><!-- AddThis Share Buttons generic via filter on get_the_excerpt --><\/p>\n","protected":false},"author":3,"featured_media":0,"comment_status":"open","ping_status":"open","sticky":false,"template":"","format":"standard","meta":{"footnotes":""},"categories":[3],"tags":[23],"class_list":["post-813","post","type-post","status-publish","format-standard","hentry","category-partenaires-vinotrip","tag-paris"],"aioseo_head":"\t<title>Nos partenaires pr\u00e9sents sur le Grand Tasting de Paris &#8211; Actualit\u00e9 vin par Vinotrip<\/title>\n\n\t\t<!-- All in One SEO 4.9.6.2 - aioseo.com -->\n\t<meta name=\"description\" content=\"A Bordeaux Ch\u00e2teau de Ferrand Adrien, responsable oenotourisme au Ch\u00e2teau de Ferrand vous fait d\u00e9guster les cuv\u00e9es de ce Grand Cru Class\u00e9 de Saint-Emilion. La singularit\u00e9 de Ferrand tient au fait qu\u2019en 300 ans, le ch\u00e2teau n\u2019a connu que deux familles propri\u00e9taires. Aujourd&#039;hui, c&#039;est la famille du Baron Bich qui pr\u00e9side aux destin\u00e9es de la\" \/>\n\t<meta name=\"robots\" content=\"max-image-preview:large\" \/>\n\t<meta name=\"author\" content=\"Gaelle\"\/>\n\t<link rel=\"canonical\" href=\"https:\/\/www.vinotrip.com\/fr\/blog\/nos-partenaires-presents-sur-le-grand-tasting-de-paris\/\" \/>\n\t<meta name=\"generator\" content=\"All in One SEO (AIOSEO) 4.9.6.2\" \/>\n\t\t<meta property=\"og:locale\" content=\"fr_FR\" \/>\n\t\t<meta property=\"og:site_name\" content=\"Actualit\u00e9 vin par Vinotrip - Actualit\u00e9s du vin et des s\u00e9jours oenologiques\" \/>\n\t\t<meta property=\"og:type\" content=\"article\" \/>\n\t\t<meta property=\"og:title\" content=\"Nos partenaires pr\u00e9sents sur le Grand Tasting de Paris - Actualit\u00e9 vin par Vinotrip\" \/>\n\t\t<meta property=\"og:description\" content=\"A Bordeaux Ch\u00e2teau de Ferrand Adrien, responsable oenotourisme au Ch\u00e2teau de Ferrand vous fait d\u00e9guster les cuv\u00e9es de ce Grand Cru Class\u00e9 de Saint-Emilion. La singularit\u00e9 de Ferrand tient au fait qu\u2019en 300 ans, le ch\u00e2teau n\u2019a connu que deux familles propri\u00e9taires. Aujourd&#039;hui, c&#039;est la famille du Baron Bich qui pr\u00e9side aux destin\u00e9es de la\" \/>\n\t\t<meta property=\"og:url\" content=\"https:\/\/www.vinotrip.com\/fr\/blog\/nos-partenaires-presents-sur-le-grand-tasting-de-paris\/\" \/>\n\t\t<meta property=\"article:published_time\" content=\"2014-12-15T09:28:50+00:00\" \/>\n\t\t<meta property=\"article:modified_time\" content=\"2017-12-14T11:24:03+00:00\" \/>\n\t\t<meta name=\"twitter:card\" content=\"summary_large_image\" \/>\n\t\t<meta name=\"twitter:title\" content=\"Nos partenaires pr\u00e9sents sur le Grand Tasting de Paris - Actualit\u00e9 vin par Vinotrip\" \/>\n\t\t<meta name=\"twitter:description\" content=\"A Bordeaux Ch\u00e2teau de Ferrand Adrien, responsable oenotourisme au Ch\u00e2teau de Ferrand vous fait d\u00e9guster les cuv\u00e9es de ce Grand Cru Class\u00e9 de Saint-Emilion. La singularit\u00e9 de Ferrand tient au fait qu\u2019en 300 ans, le ch\u00e2teau n\u2019a connu que deux familles propri\u00e9taires. Aujourd&#039;hui, c&#039;est la famille du Baron Bich qui pr\u00e9side aux destin\u00e9es de la\" \/>\n\t\t<script type=\"application\/ld+json\" class=\"aioseo-schema\">\n\t\t\t{\"@context\":\"https:\\\/\\\/schema.org\",\"@graph\":[{\"@type\":\"BlogPosting\",\"@id\":\"https:\\\/\\\/www.vinotrip.com\\\/fr\\\/blog\\\/nos-partenaires-presents-sur-le-grand-tasting-de-paris\\\/#blogposting\",\"name\":\"Nos partenaires pr\\u00e9sents sur le Grand Tasting de Paris - Actualit\\u00e9 vin par Vinotrip\",\"headline\":\"Nos partenaires pr\\u00e9sents sur le Grand Tasting de Paris\",\"author\":{\"@id\":\"https:\\\/\\\/www.vinotrip.com\\\/fr\\\/blog\\\/author\\\/gaelle\\\/#author\"},\"publisher\":{\"@id\":\"https:\\\/\\\/www.vinotrip.com\\\/fr\\\/blog\\\/#organization\"},\"image\":{\"@type\":\"ImageObject\",\"url\":\"https:\\\/\\\/www.vinotrip.com\\\/fr\\\/blog\\\/wp-content\\\/uploads\\\/2014\\\/12\\\/DSCN1926.jpg\",\"@id\":\"https:\\\/\\\/www.vinotrip.com\\\/fr\\\/blog\\\/nos-partenaires-presents-sur-le-grand-tasting-de-paris\\\/#articleImage\",\"width\":4000,\"height\":3000,\"caption\":\"Grand Cru Class\\u00e9 de Saint-Emilion\"},\"datePublished\":\"2014-12-15T10:28:50+01:00\",\"dateModified\":\"2017-12-14T12:24:03+01:00\",\"inLanguage\":\"fr-FR\",\"mainEntityOfPage\":{\"@id\":\"https:\\\/\\\/www.vinotrip.com\\\/fr\\\/blog\\\/nos-partenaires-presents-sur-le-grand-tasting-de-paris\\\/#webpage\"},\"isPartOf\":{\"@id\":\"https:\\\/\\\/www.vinotrip.com\\\/fr\\\/blog\\\/nos-partenaires-presents-sur-le-grand-tasting-de-paris\\\/#webpage\"},\"articleSection\":\"Les partenaires VINOTRIP, Paris\"},{\"@type\":\"BreadcrumbList\",\"@id\":\"https:\\\/\\\/www.vinotrip.com\\\/fr\\\/blog\\\/nos-partenaires-presents-sur-le-grand-tasting-de-paris\\\/#breadcrumblist\",\"itemListElement\":[{\"@type\":\"ListItem\",\"@id\":\"https:\\\/\\\/www.vinotrip.com\\\/fr\\\/blog#listItem\",\"position\":1,\"name\":\"Home\",\"item\":\"https:\\\/\\\/www.vinotrip.com\\\/fr\\\/blog\",\"nextItem\":{\"@type\":\"ListItem\",\"@id\":\"https:\\\/\\\/www.vinotrip.com\\\/fr\\\/blog\\\/category\\\/partenaires-vinotrip\\\/#listItem\",\"name\":\"Les partenaires VINOTRIP\"}},{\"@type\":\"ListItem\",\"@id\":\"https:\\\/\\\/www.vinotrip.com\\\/fr\\\/blog\\\/category\\\/partenaires-vinotrip\\\/#listItem\",\"position\":2,\"name\":\"Les partenaires VINOTRIP\",\"item\":\"https:\\\/\\\/www.vinotrip.com\\\/fr\\\/blog\\\/category\\\/partenaires-vinotrip\\\/\",\"nextItem\":{\"@type\":\"ListItem\",\"@id\":\"https:\\\/\\\/www.vinotrip.com\\\/fr\\\/blog\\\/nos-partenaires-presents-sur-le-grand-tasting-de-paris\\\/#listItem\",\"name\":\"Nos partenaires pr\\u00e9sents sur le Grand Tasting de Paris\"},\"previousItem\":{\"@type\":\"ListItem\",\"@id\":\"https:\\\/\\\/www.vinotrip.com\\\/fr\\\/blog#listItem\",\"name\":\"Home\"}},{\"@type\":\"ListItem\",\"@id\":\"https:\\\/\\\/www.vinotrip.com\\\/fr\\\/blog\\\/nos-partenaires-presents-sur-le-grand-tasting-de-paris\\\/#listItem\",\"position\":3,\"name\":\"Nos partenaires pr\\u00e9sents sur le Grand Tasting de Paris\",\"previousItem\":{\"@type\":\"ListItem\",\"@id\":\"https:\\\/\\\/www.vinotrip.com\\\/fr\\\/blog\\\/category\\\/partenaires-vinotrip\\\/#listItem\",\"name\":\"Les partenaires VINOTRIP\"}}]},{\"@type\":\"Organization\",\"@id\":\"https:\\\/\\\/www.vinotrip.com\\\/fr\\\/blog\\\/#organization\",\"name\":\"Actualit\\u00e9 vin par Vinotrip\",\"description\":\"Actualit\\u00e9s du vin et des s\\u00e9jours oenologiques\",\"url\":\"https:\\\/\\\/www.vinotrip.com\\\/fr\\\/blog\\\/\"},{\"@type\":\"Person\",\"@id\":\"https:\\\/\\\/www.vinotrip.com\\\/fr\\\/blog\\\/author\\\/gaelle\\\/#author\",\"url\":\"https:\\\/\\\/www.vinotrip.com\\\/fr\\\/blog\\\/author\\\/gaelle\\\/\",\"name\":\"Gaelle\",\"image\":{\"@type\":\"ImageObject\",\"@id\":\"https:\\\/\\\/www.vinotrip.com\\\/fr\\\/blog\\\/nos-partenaires-presents-sur-le-grand-tasting-de-paris\\\/#authorImage\",\"url\":\"https:\\\/\\\/secure.gravatar.com\\\/avatar\\\/2ec05af770de2562f2a0f2e96de2187f01b3334d38ca6ab9683b465f004d8f95?s=96&d=mm&r=g\",\"width\":96,\"height\":96,\"caption\":\"Gaelle\"}},{\"@type\":\"WebPage\",\"@id\":\"https:\\\/\\\/www.vinotrip.com\\\/fr\\\/blog\\\/nos-partenaires-presents-sur-le-grand-tasting-de-paris\\\/#webpage\",\"url\":\"https:\\\/\\\/www.vinotrip.com\\\/fr\\\/blog\\\/nos-partenaires-presents-sur-le-grand-tasting-de-paris\\\/\",\"name\":\"Nos partenaires pr\\u00e9sents sur le Grand Tasting de Paris - Actualit\\u00e9 vin par Vinotrip\",\"description\":\"A Bordeaux Ch\\u00e2teau de Ferrand Adrien, responsable oenotourisme au Ch\\u00e2teau de Ferrand vous fait d\\u00e9guster les cuv\\u00e9es de ce Grand Cru Class\\u00e9 de Saint-Emilion. La singularit\\u00e9 de Ferrand tient au fait qu\\u2019en 300 ans, le ch\\u00e2teau n\\u2019a connu que deux familles propri\\u00e9taires. Aujourd'hui, c'est la famille du Baron Bich qui pr\\u00e9side aux destin\\u00e9es de la\",\"inLanguage\":\"fr-FR\",\"isPartOf\":{\"@id\":\"https:\\\/\\\/www.vinotrip.com\\\/fr\\\/blog\\\/#website\"},\"breadcrumb\":{\"@id\":\"https:\\\/\\\/www.vinotrip.com\\\/fr\\\/blog\\\/nos-partenaires-presents-sur-le-grand-tasting-de-paris\\\/#breadcrumblist\"},\"author\":{\"@id\":\"https:\\\/\\\/www.vinotrip.com\\\/fr\\\/blog\\\/author\\\/gaelle\\\/#author\"},\"creator\":{\"@id\":\"https:\\\/\\\/www.vinotrip.com\\\/fr\\\/blog\\\/author\\\/gaelle\\\/#author\"},\"datePublished\":\"2014-12-15T10:28:50+01:00\",\"dateModified\":\"2017-12-14T12:24:03+01:00\"},{\"@type\":\"WebSite\",\"@id\":\"https:\\\/\\\/www.vinotrip.com\\\/fr\\\/blog\\\/#website\",\"url\":\"https:\\\/\\\/www.vinotrip.com\\\/fr\\\/blog\\\/\",\"name\":\"Actualit\\u00e9 vin par Vinotrip\",\"description\":\"Actualit\\u00e9s du vin et des s\\u00e9jours oenologiques\",\"inLanguage\":\"fr-FR\",\"publisher\":{\"@id\":\"https:\\\/\\\/www.vinotrip.com\\\/fr\\\/blog\\\/#organization\"}}]}\n\t\t<\/script>\n\t\t<!-- All in One SEO -->\n\n","aioseo_notices":[],"_links":{"self":[{"href":"https:\/\/www.vinotrip.com\/fr\/blog\/wp-json\/wp\/v2\/posts\/813","targetHints":{"allow":["GET"]}}],"collection":[{"href":"https:\/\/www.vinotrip.com\/fr\/blog\/wp-json\/wp\/v2\/posts"}],"about":[{"href":"https:\/\/www.vinotrip.com\/fr\/blog\/wp-json\/wp\/v2\/types\/post"}],"author":[{"embeddable":true,"href":"https:\/\/www.vinotrip.com\/fr\/blog\/wp-json\/wp\/v2\/users\/3"}],"replies":[{"embeddable":true,"href":"https:\/\/www.vinotrip.com\/fr\/blog\/wp-json\/wp\/v2\/comments?post=813"}],"version-history":[{"count":12,"href":"https:\/\/www.vinotrip.com\/fr\/blog\/wp-json\/wp\/v2\/posts\/813\/revisions"}],"predecessor-version":[{"id":5108,"href":"https:\/\/www.vinotrip.com\/fr\/blog\/wp-json\/wp\/v2\/posts\/813\/revisions\/5108"}],"wp:attachment":[{"href":"https:\/\/www.vinotrip.com\/fr\/blog\/wp-json\/wp\/v2\/media?parent=813"}],"wp:term":[{"taxonomy":"category","embeddable":true,"href":"https:\/\/www.vinotrip.com\/fr\/blog\/wp-json\/wp\/v2\/categories?post=813"},{"taxonomy":"post_tag","embeddable":true,"href":"https:\/\/www.vinotrip.com\/fr\/blog\/wp-json\/wp\/v2\/tags?post=813"}],"curies":[{"name":"wp","href":"https:\/\/api.w.org\/{rel}","templated":true}]}}